{"id":6358,"date":"2026-04-15T13:13:35","date_gmt":"2026-04-15T11:13:35","guid":{"rendered":"http:\/\/www.edition-schwarzdruck.de\/?p=6358"},"modified":"2026-04-15T13:22:01","modified_gmt":"2026-04-15T11:22:01","slug":"roland-r-berger-gestorben","status":"publish","type":"post","link":"http:\/\/www.edition-schwarzdruck.de\/?p=6358","title":{"rendered":"Roland R. Berger gestorben"},"content":{"rendered":"<p>Roland R. Berger ist nach langer schwerer Krankheit am 4. April 2026 gestorben. Er war nicht nur Kunsterzieher, Publizist und K\u00fcnstler, sondern auch pr\u00e4gende Person f\u00fcr die Edition Schwarzdruck. Als Illustrator zahlreicher B\u00fccher, als Autor einiger Titel, als Gestalter vieler Umschl\u00e4ge, als Mitwirkender beim Widerdruckkalender und \u00fcberhaupt als Berater und Anreger der gesamten Verlagst\u00e4tigkeit wird er nicht zu ersetzen sein. Das K\u00fcnstlerbuch &#8222;Geschichten von Anna Seghers&#8220;, der zweite Schwarzdruck-Titel &#8222;Kein Seeweg nach Indien&#8220; von Christoph Hein, die Nibelungen als Zeitung, die Umschl\u00e4ge der BWL-Reihe und viele andere Projekte waren Meilensteine in der Verlagsgeschichte.<\/p>\n<p>Wir sind traurig.<\/p>\n","protected":false},"excerpt":{"rendered":"<p>Roland R. Berger ist nach langer schwerer Krankheit am 4. April 2026 gestorben. Er war nicht nur Kunsterzieher, Publizist und K\u00fcnstler, sondern auch pr\u00e4gende Person f\u00fcr die Edition Schwarzdruck. Als Illustrator zahlreicher B\u00fccher, als Autor einiger Titel, als Gestalter vieler Umschl\u00e4ge, als Mitwirkender beim Widerdruckkalender und \u00fcberhaupt als Berater und Anreger der gesamten Verlagst\u00e4tigkeit wird [&hellip;]<\/p>\n","protected":false},"author":2,"featured_media":0,"comment_status":"open","ping_status":"open","sticky":false,"template":"","format":"image","meta":[],"categories":[1],"tags":[311],"_links":{"self":[{"href":"http:\/\/www.edition-schwarzdruck.de\/index.php?rest_route=\/wp\/v2\/posts\/6358"}],"collection":[{"href":"http:\/\/www.edition-schwarzdruck.de\/index.php?rest_route=\/wp\/v2\/posts"}],"about":[{"href":"http:\/\/www.edition-schwarzdruck.de\/index.php?rest_route=\/wp\/v2\/types\/post"}],"author":[{"embeddable":true,"href":"http:\/\/www.edition-schwarzdruck.de\/index.php?rest_route=\/wp\/v2\/users\/2"}],"replies":[{"embeddable":true,"href":"http:\/\/www.edition-schwarzdruck.de\/index.php?rest_route=%2Fwp%2Fv2%2Fcomments&post=6358"}],"version-history":[{"count":3,"href":"http:\/\/www.edition-schwarzdruck.de\/index.php?rest_route=\/wp\/v2\/posts\/6358\/revisions"}],"predecessor-version":[{"id":6361,"href":"http:\/\/www.edition-schwarzdruck.de\/index.php?rest_route=\/wp\/v2\/posts\/6358\/revisions\/6361"}],"wp:attachment":[{"href":"http:\/\/www.edition-schwarzdruck.de\/index.php?rest_route=%2Fwp%2Fv2%2Fmedia&parent=6358"}],"wp:term":[{"taxonomy":"category","embeddable":true,"href":"http:\/\/www.edition-schwarzdruck.de\/index.php?rest_route=%2Fwp%2Fv2%2Fcategories&post=6358"},{"taxonomy":"post_tag","embeddable":true,"href":"http:\/\/www.edition-schwarzdruck.de\/index.php?rest_route=%2Fwp%2Fv2%2Ftags&post=6358"}],"curies":[{"name":"wp","href":"https:\/\/api.w.org\/{rel}","templated":true}]}}