{"id":6332,"date":"2024-12-15T18:02:08","date_gmt":"2024-12-15T16:02:08","guid":{"rendered":"http:\/\/www.edition-schwarzdruck.de\/?p=6332"},"modified":"2024-12-15T18:04:21","modified_gmt":"2024-12-15T16:04:21","slug":"der-wiederdruck-kalender-fuer-2025","status":"publish","type":"post","link":"http:\/\/www.edition-schwarzdruck.de\/?p=6332","title":{"rendered":"Der Wiederdruck-Kalender f\u00fcr 2025"},"content":{"rendered":"<p>ist nun endlich &#8211; so sp\u00e4t wie noch nie aus Gr\u00fcnden, deren Erl\u00e4uterung wir uns lieber sparen &#8211; fertig. &lt;?php echo do_shortcode(&#8218;<div id=\"metaslider-id-6305\" style=\"width: 100%; margin: 0 auto;\" class=\"ml-slider-3-28-3 metaslider metaslider-flex metaslider-6305 ml-slider\">\n    <div id=\"metaslider_container_6305\">\n        <div id=\"metaslider_6305\">\n            <ul aria-live=\"polite\" class=\"slides\">\n                <li style=\"display: none; width: 100%;\" class=\"slide-6319 ms-image\"><img src=\"http:\/\/www.edition-schwarzdruck.de\/wp-content\/uploads\/2014\/04\/web0Titel-IMG_2024_12_15_0405-535x1500.jpg\" height=\"1500\" width=\"535\" alt=\"\" class=\"slider-6305 slide-6319\" title=\"web0Titel-IMG_2024_12_15_0405\" \/><div class=\"caption-wrap\"><div class=\"caption\">Titelblatt Widerdruckkalender f\u00fcr 2025<\/div><\/div><\/li>\n                <li style=\"display: none; width: 100%;\" class=\"slide-6320 ms-image\"><img src=\"http:\/\/www.edition-schwarzdruck.de\/wp-content\/uploads\/2014\/04\/web1januar-IMG_2024_12_15_0406-535x1500.jpg\" height=\"1500\" width=\"535\" alt=\"\" class=\"slider-6305 slide-6320\" title=\"web1januar-IMG_2024_12_15_0406\" \/><div class=\"caption-wrap\"><div class=\"caption\">Daniel Kunz<\/div><\/div><\/li>\n                <li style=\"display: none; width: 100%;\" class=\"slide-6321 ms-image\"><img src=\"http:\/\/www.edition-schwarzdruck.de\/wp-content\/uploads\/2014\/04\/web3-maerz-IMG_2024_12_15_0408-526x1474.jpg\" height=\"1500\" width=\"535\" alt=\"\" class=\"slider-6305 slide-6321\" title=\"web3-maerz-IMG_2024_12_15_0408\" \/><div class=\"caption-wrap\"><div class=\"caption\">Birgit Reichert (Sonnenbergpresse)<\/div><\/div><\/li>\n                <li style=\"display: none; width: 100%;\" class=\"slide-6322 ms-image\"><img src=\"http:\/\/www.edition-schwarzdruck.de\/wp-content\/uploads\/2014\/04\/web2feb-IMG_2024_12_15_0407-535x1500.jpg\" height=\"1500\" width=\"535\" alt=\"\" class=\"slider-6305 slide-6322\" title=\"web2feb-IMG_2024_12_15_0407\" \/><div class=\"caption-wrap\"><div class=\"caption\">Undine Schneider<\/div><\/div><\/li>\n                <li style=\"display: none; width: 100%;\" class=\"slide-6323 ms-image\"><img src=\"http:\/\/www.edition-schwarzdruck.de\/wp-content\/uploads\/2014\/04\/web4-april-IMG_2024_12_15_0409-535x1500.jpg\" height=\"1500\" width=\"535\" alt=\"\" class=\"slider-6305 slide-6323\" title=\"web4-april-IMG_2024_12_15_0409\" \/><div class=\"caption-wrap\"><div class=\"caption\">Machtelt van Thiel und Anna Houven<\/div><\/div><\/li>\n                <li style=\"display: none; width: 100%;\" class=\"slide-6324 ms-image\"><img src=\"http:\/\/www.edition-schwarzdruck.de\/wp-content\/uploads\/2014\/04\/web5-mai-IMG_2024_12_15_0410-535x1500.jpg\" height=\"1500\" width=\"535\" alt=\"\" class=\"slider-6305 slide-6324\" title=\"web5-mai-IMG_2024_12_15_0410\" \/><div class=\"caption-wrap\"><div class=\"caption\">Werner Enke (Harrisfeldwegpresse)<\/div><\/div><\/li>\n                <li style=\"display: none; width: 100%;\" class=\"slide-6325 ms-image\"><img src=\"http:\/\/www.edition-schwarzdruck.de\/wp-content\/uploads\/2014\/04\/web7-juli-IMG_2024_12_15_0412-529x1483.jpg\" height=\"1500\" width=\"535\" alt=\"\" class=\"slider-6305 slide-6325\" title=\"web7-juli-IMG_2024_12_15_0412\" \/><div class=\"caption-wrap\"><div class=\"caption\">Roland R. Berger (Edition Linksrum)<\/div><\/div><\/li>\n                <li style=\"display: none; width: 100%;\" class=\"slide-6326 ms-image\"><img src=\"http:\/\/www.edition-schwarzdruck.de\/wp-content\/uploads\/2014\/04\/web6-juni-IMG_2024_12_15_0411-535x1500.jpg\" height=\"1500\" width=\"535\" alt=\"\" class=\"slider-6305 slide-6326\" title=\"web6-juni-IMG_2024_12_15_0411\" \/><div class=\"caption-wrap\"><div class=\"caption\">J\u00fcrgen Meier Jurkowski<\/div><\/div><\/li>\n                <li style=\"display: none; width: 100%;\" class=\"slide-6327 ms-image\"><img src=\"http:\/\/www.edition-schwarzdruck.de\/wp-content\/uploads\/2014\/04\/web8-august-IMG_2024_12_15_0413-535x1500.jpg\" height=\"1500\" width=\"535\" alt=\"\" class=\"slider-6305 slide-6327\" title=\"web8-august-IMG_2024_12_15_0413\" \/><div class=\"caption-wrap\"><div class=\"caption\">Heike Schnotale (Officina Arcana)<\/div><\/div><\/li>\n                <li style=\"display: none; width: 100%;\" class=\"slide-6328 ms-image\"><img src=\"http:\/\/www.edition-schwarzdruck.de\/wp-content\/uploads\/2014\/04\/web9-sept-IMG_2024_12_15_0414-535x1500.jpg\" height=\"1500\" width=\"535\" alt=\"\" class=\"slider-6305 slide-6328\" title=\"web9-sept-IMG_2024_12_15_0414\" \/><div class=\"caption-wrap\"><div class=\"caption\">Oskar Bernhard (Rehlensche Handpresse N\u00f6rdlingen)<\/div><\/div><\/li>\n                <li style=\"display: none; width: 100%;\" class=\"slide-6329 ms-image\"><img src=\"http:\/\/www.edition-schwarzdruck.de\/wp-content\/uploads\/2014\/04\/web11-nov-IMG_2024_12_15_0416-534x1497.jpg\" height=\"1500\" width=\"535\" alt=\"\" class=\"slider-6305 slide-6329\" title=\"web11-nov-IMG_2024_12_15_0416\" \/><div class=\"caption-wrap\"><div class=\"caption\">Stephane de Schrevel<\/div><\/div><\/li>\n                <li style=\"display: none; width: 100%;\" class=\"slide-6330 ms-image\"><img src=\"http:\/\/www.edition-schwarzdruck.de\/wp-content\/uploads\/2014\/04\/web10-okt-IMG_2024_12_15_0415-535x1500.jpg\" height=\"1500\" width=\"535\" alt=\"\" class=\"slider-6305 slide-6330\" title=\"web10-okt-IMG_2024_12_15_0415\" \/><div class=\"caption-wrap\"><div class=\"caption\">JoRike (Werkdruck)<\/div><\/div><\/li>\n                <li style=\"display: none; width: 100%;\" class=\"slide-6331 ms-image\"><img src=\"http:\/\/www.edition-schwarzdruck.de\/wp-content\/uploads\/2014\/04\/web12-dez-IMG_2024_12_15_0417-535x1500.jpg\" height=\"1500\" width=\"535\" alt=\"\" class=\"slider-6305 slide-6331\" title=\"web12-dez-IMG_2024_12_15_0417\" \/><div class=\"caption-wrap\"><div class=\"caption\">Marc Berger (Edition Schwarzdruck)<\/div><\/div><\/li>\n            <\/ul>\n        <\/div>\n        \n    <\/div>\n<\/div>&#8218;); ?&gt;<\/p>\n<p>Das wunderbare Thema lautete diesmal: Es h\u00e4tte alles ganz anders kommen k\u00f6nnen. Was einerseits wahr ist, zum anderen ein breites Feld an Weltverbesserung denkbar erscheinen l\u00e4sst. Diesmal mit ziemlich viel Kleingedrucktem, weshalb die Abbildungen der Kalenderbl\u00e4tter diesmal etwas gr\u00f6\u00dfer sind. Auch wenn die Fotos noch immer nicht optimal geworden sind: besser als die letzten Jahre sind sie immerhin.<\/p>\n<p>Das wundersch\u00f6ne Thema haben sehr vielf\u00e4ltig\u00a0originell und original(typo)grafisch bearbeitet: Oskar Bernhard (Rehlensche Handpresse N\u00f6rdlingen), Daniel Kunz (Basel), Birgit Reichert (Sonnenbergpresse Chemnitz), Werner Enke (Harrisfeldwegpresse, Schweinfurt), J\u00fcrgen Meyer Jurkowski (Hamburg), Undine Schneider (Berlin), Roland R. Berger (Edition Linksrum, Hohen Neuendorf), Werkdruck (Schweinfurt), Heike Schnotale (Officina Arcana, Pirna) und nat\u00fcrlich Marc Berger (Edition Schwarzdruck, Gransee).<\/p>\n<p>Es wurden wie immer 100 Exemplare im Format von 58 x 21 cm gefertigt, von denen allerdings diesmal noch weniger als gew\u00f6hnlich in den Handel kommen. Solange der Vorrat reicht, k\u00f6nnen Verkaufsexemplare zu Preis von 80 Euro in unserem Shop<a href=\"https:\/\/www.schwarzdruck-laden.de\/epages\/62465460.sf\/de_DE\/?ObjectPath=\/Shops\/62465460\/Products\/Widerdruck2025\"> (https:\/\/www.schwarzdruck-laden.de\/epages\/62465460.sf\/de_DE\/?ObjectPath=\/Shops\/62465460\/Products\/Widerdruck2025)<\/a> geordert werden. Die Bestellungen werden in eingehender Reihenfolge bearbeitet. Wenn der Kalender ausverkauft ist, dann ist er ausverkauft.<\/p>\n","protected":false},"excerpt":{"rendered":"<p>ist nun endlich &#8211; so sp\u00e4t wie noch nie aus Gr\u00fcnden, deren Erl\u00e4uterung wir uns lieber sparen &#8211; fertig. &lt;?php echo do_shortcode(&#8220;); ?&gt; Das wunderbare Thema lautete diesmal: Es h\u00e4tte alles ganz anders kommen k\u00f6nnen. Was einerseits wahr ist, zum anderen ein breites Feld an Weltverbesserung denkbar erscheinen l\u00e4sst. Diesmal mit ziemlich viel Kleingedrucktem, weshalb [&hellip;]<\/p>\n","protected":false},"author":2,"featured_media":0,"comment_status":"open","ping_status":"open","sticky":false,"template":"","format":"standard","meta":[],"categories":[84,1],"tags":[],"_links":{"self":[{"href":"http:\/\/www.edition-schwarzdruck.de\/index.php?rest_route=\/wp\/v2\/posts\/6332"}],"collection":[{"href":"http:\/\/www.edition-schwarzdruck.de\/index.php?rest_route=\/wp\/v2\/posts"}],"about":[{"href":"http:\/\/www.edition-schwarzdruck.de\/index.php?rest_route=\/wp\/v2\/types\/post"}],"author":[{"embeddable":true,"href":"http:\/\/www.edition-schwarzdruck.de\/index.php?rest_route=\/wp\/v2\/users\/2"}],"replies":[{"embeddable":true,"href":"http:\/\/www.edition-schwarzdruck.de\/index.php?rest_route=%2Fwp%2Fv2%2Fcomments&post=6332"}],"version-history":[{"count":3,"href":"http:\/\/www.edition-schwarzdruck.de\/index.php?rest_route=\/wp\/v2\/posts\/6332\/revisions"}],"predecessor-version":[{"id":6335,"href":"http:\/\/www.edition-schwarzdruck.de\/index.php?rest_route=\/wp\/v2\/posts\/6332\/revisions\/6335"}],"wp:attachment":[{"href":"http:\/\/www.edition-schwarzdruck.de\/index.php?rest_route=%2Fwp%2Fv2%2Fmedia&parent=6332"}],"wp:term":[{"taxonomy":"category","embeddable":true,"href":"http:\/\/www.edition-schwarzdruck.de\/index.php?rest_route=%2Fwp%2Fv2%2Fcategories&post=6332"},{"taxonomy":"post_tag","embeddable":true,"href":"http:\/\/www.edition-schwarzdruck.de\/index.php?rest_route=%2Fwp%2Fv2%2Ftags&post=6332"}],"curies":[{"name":"wp","href":"https:\/\/api.w.org\/{rel}","templated":true}]}}