{"id":6222,"date":"2024-04-28T11:50:45","date_gmt":"2024-04-28T09:50:45","guid":{"rendered":"http:\/\/www.edition-schwarzdruck.de\/?p=6222"},"modified":"2024-04-28T11:50:45","modified_gmt":"2024-04-28T09:50:45","slug":"die-ausstellung-ist-eroeffnet","status":"publish","type":"post","link":"http:\/\/www.edition-schwarzdruck.de\/?p=6222","title":{"rendered":"Die Ausstellung ist er\u00f6ffnet"},"content":{"rendered":"<p>Im beschaulichen bayerischen Thierhaupten (kurz vor Augsburg) gibt es ein Klosterm\u00fchlenmuseum mit einem sehr r\u00fchrigen Team. Sie haben weder Kosten noch M\u00fchen und vor allem sehr viel Freundlichkeit gescheut, um zur Er\u00f6ffnung der Museumssaison und der Inbetriebnahme einer eigenen kleinen historischen Druckwerkstatt den Schwarzdrucker seine Einblattdrucke dort ausstellen zu lassen. Es ist zwar nur eine relativ kleine Ausstellung (28 Rahmen), die daf\u00fcr aber eine geradezu bombastische Er\u00f6ffnung erlebte, weil gleichzeitig die gesamte Saison des Museums er\u00f6ffnet wurde. Rede vom stellvertretenden Landrat, Rede von der Museumschefin, Einf\u00fchrung einer Historikerin in den Zusammenhang von Papierm\u00fchlen und Druckkunst und dann auch noch ein Interview einer sehr netten jungen Dame mit dem Schwarzdrucker auf der &#8222;Blauen Couch&#8220; &#8230; und das alles vor ungef\u00e4hr 130 Besuchern. Mit echt bayerische Blaskapelle und einer z\u00fcnftigen Brotzeit! Ich war und bin \u00fcberw\u00e4ltigt &#8230; Danke! Danke! Danke! Wenn Bayern halt nicht so weit weg w\u00e4re &#8230; die Ausstellung ist bis Ende Oktober zu sehen und am Abbauwochenende werde ich ein paar Druckworkshops dort abhalten. Ich freue mich drauf!<\/p>\n","protected":false},"excerpt":{"rendered":"<p>Im beschaulichen bayerischen Thierhaupten (kurz vor Augsburg) gibt es ein Klosterm\u00fchlenmuseum mit einem sehr r\u00fchrigen Team. Sie haben weder Kosten noch M\u00fchen und vor allem sehr viel Freundlichkeit gescheut, um zur Er\u00f6ffnung der Museumssaison und der Inbetriebnahme einer eigenen kleinen historischen Druckwerkstatt den Schwarzdrucker seine Einblattdrucke dort ausstellen zu lassen. Es ist zwar nur eine [&hellip;]<\/p>\n","protected":false},"author":2,"featured_media":0,"comment_status":"open","ping_status":"open","sticky":false,"template":"","format":"image","meta":[],"categories":[1,49],"tags":[112,145,143,210,105,217],"_links":{"self":[{"href":"http:\/\/www.edition-schwarzdruck.de\/index.php?rest_route=\/wp\/v2\/posts\/6222"}],"collection":[{"href":"http:\/\/www.edition-schwarzdruck.de\/index.php?rest_route=\/wp\/v2\/posts"}],"about":[{"href":"http:\/\/www.edition-schwarzdruck.de\/index.php?rest_route=\/wp\/v2\/types\/post"}],"author":[{"embeddable":true,"href":"http:\/\/www.edition-schwarzdruck.de\/index.php?rest_route=\/wp\/v2\/users\/2"}],"replies":[{"embeddable":true,"href":"http:\/\/www.edition-schwarzdruck.de\/index.php?rest_route=%2Fwp%2Fv2%2Fcomments&post=6222"}],"version-history":[{"count":1,"href":"http:\/\/www.edition-schwarzdruck.de\/index.php?rest_route=\/wp\/v2\/posts\/6222\/revisions"}],"predecessor-version":[{"id":6223,"href":"http:\/\/www.edition-schwarzdruck.de\/index.php?rest_route=\/wp\/v2\/posts\/6222\/revisions\/6223"}],"wp:attachment":[{"href":"http:\/\/www.edition-schwarzdruck.de\/index.php?rest_route=%2Fwp%2Fv2%2Fmedia&parent=6222"}],"wp:term":[{"taxonomy":"category","embeddable":true,"href":"http:\/\/www.edition-schwarzdruck.de\/index.php?rest_route=%2Fwp%2Fv2%2Fcategories&post=6222"},{"taxonomy":"post_tag","embeddable":true,"href":"http:\/\/www.edition-schwarzdruck.de\/index.php?rest_route=%2Fwp%2Fv2%2Ftags&post=6222"}],"curies":[{"name":"wp","href":"https:\/\/api.w.org\/{rel}","templated":true}]}}