{"id":6218,"date":"2024-03-02T11:35:54","date_gmt":"2024-03-02T09:35:54","guid":{"rendered":"http:\/\/www.edition-schwarzdruck.de\/?p=6218"},"modified":"2024-03-02T11:35:54","modified_gmt":"2024-03-02T09:35:54","slug":"einen-schoenen-gruss-von-der-grafikboerse-borken","status":"publish","type":"post","link":"http:\/\/www.edition-schwarzdruck.de\/?p=6218","title":{"rendered":"Einen sch\u00f6nen Gru\u00df von der Grafikb\u00f6rse Borken"},"content":{"rendered":"<p>wo Schwarzdruck unverdrossen versucht, bedrucktes Papier zu verkaufen. Heute und morgen auch noch &#8211; von 11 bis 17 Uhr in der Vennehalle!<\/p>\n","protected":false},"excerpt":{"rendered":"<p>wo Schwarzdruck unverdrossen versucht, bedrucktes Papier zu verkaufen. Heute und morgen auch noch &#8211; von 11 bis 17 Uhr in der Vennehalle!<\/p>\n","protected":false},"author":2,"featured_media":0,"comment_status":"open","ping_status":"open","sticky":false,"template":"","format":"image","meta":[],"categories":[49],"tags":[112,143,204,105,111],"_links":{"self":[{"href":"http:\/\/www.edition-schwarzdruck.de\/index.php?rest_route=\/wp\/v2\/posts\/6218"}],"collection":[{"href":"http:\/\/www.edition-schwarzdruck.de\/index.php?rest_route=\/wp\/v2\/posts"}],"about":[{"href":"http:\/\/www.edition-schwarzdruck.de\/index.php?rest_route=\/wp\/v2\/types\/post"}],"author":[{"embeddable":true,"href":"http:\/\/www.edition-schwarzdruck.de\/index.php?rest_route=\/wp\/v2\/users\/2"}],"replies":[{"embeddable":true,"href":"http:\/\/www.edition-schwarzdruck.de\/index.php?rest_route=%2Fwp%2Fv2%2Fcomments&post=6218"}],"version-history":[{"count":1,"href":"http:\/\/www.edition-schwarzdruck.de\/index.php?rest_route=\/wp\/v2\/posts\/6218\/revisions"}],"predecessor-version":[{"id":6219,"href":"http:\/\/www.edition-schwarzdruck.de\/index.php?rest_route=\/wp\/v2\/posts\/6218\/revisions\/6219"}],"wp:attachment":[{"href":"http:\/\/www.edition-schwarzdruck.de\/index.php?rest_route=%2Fwp%2Fv2%2Fmedia&parent=6218"}],"wp:term":[{"taxonomy":"category","embeddable":true,"href":"http:\/\/www.edition-schwarzdruck.de\/index.php?rest_route=%2Fwp%2Fv2%2Fcategories&post=6218"},{"taxonomy":"post_tag","embeddable":true,"href":"http:\/\/www.edition-schwarzdruck.de\/index.php?rest_route=%2Fwp%2Fv2%2Ftags&post=6218"}],"curies":[{"name":"wp","href":"https:\/\/api.w.org\/{rel}","templated":true}]}}