{"id":6209,"date":"2023-12-11T21:23:43","date_gmt":"2023-12-11T19:23:43","guid":{"rendered":"http:\/\/www.edition-schwarzdruck.de\/?p=6209"},"modified":"2023-12-17T17:48:06","modified_gmt":"2023-12-17T15:48:06","slug":"der-wiederdruck-kalender-fuer-2024-ist-endlich-da","status":"publish","type":"post","link":"http:\/\/www.edition-schwarzdruck.de\/?p=6209","title":{"rendered":"Der Wiederdruck-Kalender f\u00fcr 2024 ist endlich da!"},"content":{"rendered":"<p>&lt;?php echo do_shortcode(&#8218;<div id=\"metaslider-id-6196\" style=\"width: 100%; margin: 0 auto;\" class=\"ml-slider-3-28-3 metaslider metaslider-flex metaslider-6196 ml-slider\">\n    <div id=\"metaslider_container_6196\">\n        <div id=\"metaslider_6196\">\n            <ul aria-live=\"polite\" class=\"slides\">\n                <li style=\"display: none; width: 100%;\" class=\"slide-6197 ms-image\"><img src=\"http:\/\/www.edition-schwarzdruck.de\/wp-content\/uploads\/2014\/04\/web-IMG_2023_12_09_0368-360x1000.jpg\" height=\"1000\" width=\"360\" alt=\"\" class=\"slider-6196 slide-6197\" title=\"web-IMG_2023_12_09_0368\" \/><\/li>\n                <li style=\"display: none; width: 100%;\" class=\"slide-6198 ms-image\"><img src=\"http:\/\/www.edition-schwarzdruck.de\/wp-content\/uploads\/2014\/04\/web-IMG_2023_12_09_0369-360x1000.jpg\" height=\"1000\" width=\"360\" alt=\"\" class=\"slider-6196 slide-6198\" title=\"web-IMG_2023_12_09_0369\" \/><\/li>\n                <li style=\"display: none; width: 100%;\" class=\"slide-6199 ms-image\"><img src=\"http:\/\/www.edition-schwarzdruck.de\/wp-content\/uploads\/2014\/04\/web-IMG_2023_12_09_0370-scaled-360x1000.jpg\" height=\"1000\" width=\"360\" alt=\"\" class=\"slider-6196 slide-6199\" title=\"web-IMG_2023_12_09_0370\" \/><\/li>\n                <li style=\"display: none; width: 100%;\" class=\"slide-6200 ms-image\"><img src=\"http:\/\/www.edition-schwarzdruck.de\/wp-content\/uploads\/2014\/04\/web-IMG_2023_12_09_0371-359x997.jpg\" height=\"1000\" width=\"360\" alt=\"\" class=\"slider-6196 slide-6200\" title=\"web-IMG_2023_12_09_0371\" \/><\/li>\n                <li style=\"display: none; width: 100%;\" class=\"slide-6201 ms-image\"><img src=\"http:\/\/www.edition-schwarzdruck.de\/wp-content\/uploads\/2014\/04\/web-IMG_2023_12_09_0372-360x1000.jpg\" height=\"1000\" width=\"360\" alt=\"\" class=\"slider-6196 slide-6201\" title=\"web-IMG_2023_12_09_0372\" \/><\/li>\n                <li style=\"display: none; width: 100%;\" class=\"slide-6202 ms-image\"><img src=\"http:\/\/www.edition-schwarzdruck.de\/wp-content\/uploads\/2014\/04\/web-IMG_2023_12_09_0373-357x991.jpg\" height=\"1000\" width=\"360\" alt=\"\" class=\"slider-6196 slide-6202\" title=\"web-IMG_2023_12_09_0373\" \/><\/li>\n                <li style=\"display: none; width: 100%;\" class=\"slide-6203 ms-image\"><img src=\"http:\/\/www.edition-schwarzdruck.de\/wp-content\/uploads\/2014\/04\/web-IMG_2023_12_09_0374-360x1000.jpg\" height=\"1000\" width=\"360\" alt=\"\" class=\"slider-6196 slide-6203\" title=\"web-IMG_2023_12_09_0374\" \/><\/li>\n                <li style=\"display: none; width: 100%;\" class=\"slide-6204 ms-image\"><img src=\"http:\/\/www.edition-schwarzdruck.de\/wp-content\/uploads\/2014\/04\/web-IMG_2023_12_09_0375-scaled-360x1000.jpg\" height=\"1000\" width=\"360\" alt=\"\" class=\"slider-6196 slide-6204\" title=\"web-IMG_2023_12_09_0375\" \/><\/li>\n                <li style=\"display: none; width: 100%;\" class=\"slide-6205 ms-image\"><img src=\"http:\/\/www.edition-schwarzdruck.de\/wp-content\/uploads\/2014\/04\/web-IMG_2023_12_09_0376-360x1000.jpg\" height=\"1000\" width=\"360\" alt=\"\" class=\"slider-6196 slide-6205\" title=\"web-IMG_2023_12_09_0376\" \/><\/li>\n                <li style=\"display: none; width: 100%;\" class=\"slide-6206 ms-image\"><img src=\"http:\/\/www.edition-schwarzdruck.de\/wp-content\/uploads\/2014\/04\/web-IMG_2023_12_09_0378-360x1000.jpg\" height=\"1000\" width=\"360\" alt=\"\" class=\"slider-6196 slide-6206\" title=\"web-IMG_2023_12_09_0378\" \/><\/li>\n                <li style=\"display: none; width: 100%;\" class=\"slide-6207 ms-image\"><img src=\"http:\/\/www.edition-schwarzdruck.de\/wp-content\/uploads\/2014\/04\/web-IMG_2023_12_09_0379-scaled-360x1000.jpg\" height=\"1000\" width=\"360\" alt=\"\" class=\"slider-6196 slide-6207\" title=\"web-IMG_2023_12_09_0379\" \/><\/li>\n                <li style=\"display: none; width: 100%;\" class=\"slide-6208 ms-image\"><img src=\"http:\/\/www.edition-schwarzdruck.de\/wp-content\/uploads\/2014\/04\/web-IMG_2023_12_09_0380-359x997.jpg\" height=\"1000\" width=\"360\" alt=\"\" class=\"slider-6196 slide-6208\" title=\"web-IMG_2023_12_09_0380\" \/><\/li>\n                <li style=\"display: none; width: 100%;\" class=\"slide-6214 ms-image\"><img src=\"http:\/\/www.edition-schwarzdruck.de\/wp-content\/uploads\/2014\/04\/web-IMG_2023_12_09_0377-360x1000.jpg\" height=\"1000\" width=\"360\" alt=\"\" class=\"slider-6196 slide-6214\" title=\"web-IMG_2023_12_09_0377\" \/><\/li>\n            <\/ul>\n        <\/div>\n        \n    <\/div>\n<\/div>&#8218;); ?&gt;<\/p>\n<p>Fast so sp\u00e4t wie noch nie, aber nun doch endlich fertig.<\/p>\n<p>Thema ist der 150. Geburtstag von Karl Kraus. Wenn dieser Herr sich zu irgendetwas ge\u00e4u\u00dfert hat, dann ist eigentlich alles dazu gesagt. Pr\u00e4ziser als jede andere Bemerkung. Und Pazifist war er auch. Also ein Mann, der es als Zeitgenosse heute nicht leicht h\u00e4tte.<\/p>\n<p>Das wundersch\u00f6ne Thema haben sehr vielf\u00e4ltig\u00a0originell und original(typo)grafisch bearbeitet: Oskar Bernhard (Rehlensche Handpresse N\u00f6rdlingen), Daniel Kunz (Basel), J\u00fcrgen Meyer Jurkowski (Hamburg),\u00a0Julienne Jattiot\u00a0(carpe plumbum, Leipzig), Roland R. Berger (Edition Linksrum, Hohen neuendorf), Thomas Konietschke (Kaefertal-Presse, Eppenhausen), Katja Labedzki (38p, Halle), Heike Schnotale (Officina Arcana, Pirna), Undine Schneider (Berlin)\u00a0und nat\u00fcrlich Marc Berger (Edition Schwarzdruck, Gransee).<\/p>\n<p>Es wurden wie immer 100 Exemplare im Format von 58 x 21 cm gefertigt, von denen allerdings die meisten nicht in den Handel kommen. Solange der Vorrat reicht, k\u00f6nnen Verkaufsexemplare zu Preis von 80 Euro <a href=\"http:\/\/www.schwarzdruck-laden.de\/Widerdruck-Kalender-2013\">hier<\/a> in unserem Shop geordert werden.<\/p>\n","protected":false},"excerpt":{"rendered":"<p>&lt;?php echo do_shortcode(&#8220;); ?&gt; Fast so sp\u00e4t wie noch nie, aber nun doch endlich fertig. Thema ist der 150. Geburtstag von Karl Kraus. Wenn dieser Herr sich zu irgendetwas ge\u00e4u\u00dfert hat, dann ist eigentlich alles dazu gesagt. Pr\u00e4ziser als jede andere Bemerkung. Und Pazifist war er auch. Also ein Mann, der es als Zeitgenosse heute [&hellip;]<\/p>\n","protected":false},"author":2,"featured_media":0,"comment_status":"open","ping_status":"open","sticky":false,"template":"","format":"standard","meta":[],"categories":[1],"tags":[147,183],"_links":{"self":[{"href":"http:\/\/www.edition-schwarzdruck.de\/index.php?rest_route=\/wp\/v2\/posts\/6209"}],"collection":[{"href":"http:\/\/www.edition-schwarzdruck.de\/index.php?rest_route=\/wp\/v2\/posts"}],"about":[{"href":"http:\/\/www.edition-schwarzdruck.de\/index.php?rest_route=\/wp\/v2\/types\/post"}],"author":[{"embeddable":true,"href":"http:\/\/www.edition-schwarzdruck.de\/index.php?rest_route=\/wp\/v2\/users\/2"}],"replies":[{"embeddable":true,"href":"http:\/\/www.edition-schwarzdruck.de\/index.php?rest_route=%2Fwp%2Fv2%2Fcomments&post=6209"}],"version-history":[{"count":2,"href":"http:\/\/www.edition-schwarzdruck.de\/index.php?rest_route=\/wp\/v2\/posts\/6209\/revisions"}],"predecessor-version":[{"id":6213,"href":"http:\/\/www.edition-schwarzdruck.de\/index.php?rest_route=\/wp\/v2\/posts\/6209\/revisions\/6213"}],"wp:attachment":[{"href":"http:\/\/www.edition-schwarzdruck.de\/index.php?rest_route=%2Fwp%2Fv2%2Fmedia&parent=6209"}],"wp:term":[{"taxonomy":"category","embeddable":true,"href":"http:\/\/www.edition-schwarzdruck.de\/index.php?rest_route=%2Fwp%2Fv2%2Fcategories&post=6209"},{"taxonomy":"post_tag","embeddable":true,"href":"http:\/\/www.edition-schwarzdruck.de\/index.php?rest_route=%2Fwp%2Fv2%2Ftags&post=6209"}],"curies":[{"name":"wp","href":"https:\/\/api.w.org\/{rel}","templated":true}]}}