{"id":6141,"date":"2023-11-22T21:45:59","date_gmt":"2023-11-22T19:45:59","guid":{"rendered":"http:\/\/www.edition-schwarzdruck.de\/?p=6141"},"modified":"2023-11-22T22:46:03","modified_gmt":"2023-11-22T20:46:03","slug":"ausstellungseroeffnung-dada-ruht-nicht","status":"publish","type":"post","link":"http:\/\/www.edition-schwarzdruck.de\/?p=6141","title":{"rendered":"Ausstellungser\u00f6ffnung &#8222;DADA ruht nicht&#8220;"},"content":{"rendered":"<p>Mit einiger Versp\u00e4tung (wegen 8st\u00fcndiger (!) Bahnheimfahrt von Cottbus nach Gransee und anschlie\u00dfender 48st\u00fcndiger Internetst\u00f6rung in ganz Gransee) hier nun der Bericht von der Ausstellungser\u00f6ffnung:<\/p>\n<p>Ich bin begeistert. Die Kuratorin vom Landesmuseum f\u00fcr moderne Kunst hat zwei sehr gro\u00dfe und sch\u00f6ne S\u00e4le mit unseren Typografien zu &#8222;DADA ist 100&#8220; gef\u00fcllt. Die Arbeiten sind alle neu und professionell gerahmt und passpartiert, mit ausf\u00fchrlichen Bildunterschriften versehen, gr\u00fcndlich kommentiert und vor allem: genial gegliedert und geh\u00e4ngt. Ich habe schon immer unsere Ausstellung f\u00fcr sehr sch\u00f6n gehalten und fand sie auf den bisherigen Stationen (damals) auch sehr wirkungsvoll und den \u00f6rtlichen Gegebenheiten entsprechend gut pr\u00e4sentiert, aber im Dieselkraftwerk sind eben echte Profis am Werk: So sch\u00f6n war unsere Ausstellung noch nie.<\/p>\n<p>Die Er\u00f6ffnung ebenso. Der (wie immer) fantastische Ulrich Goerdten hat das zahlreich anwesende Publikum mit seinen Lautgedichten, Leipogrammen und einigen anderen Texten und etwas Klaviermusik wirklich begeistert. Die Museumschefin Frau Kremeier und die Kuratorin Frau Roolf haben sehr kluge einf\u00fchrende Worte gesprochen. Dann hat auch der Schwarzdrucker noch ein paar Worte vor allem zu technischen Angelegenheiten sprechen sollen: Die Rede war inhaltlich sicher nicht schlecht, aber der Herr war derma\u00dfen aufgeregt vor Begeisterung \u00fcber die sch\u00f6ne Ausstellung, dass er nicht wirklich gut geredet hat. Deshalb gibts die <a href=\"http:\/\/www.edition-schwarzdruck.de\/?p=6146\">Rede auch nochmal zum Nachlesen<\/a> auf einem anderen Blogbeitrag. Abgeschlossen wurde die Veranstaltung wiederum von Ulrich Goerdten. Und dann hatte das Publikum Gelegenheit, die Ausstellung zu genie\u00dfen: es gab nur lobende Worte. Zumindest soweit sie meine Ohren erreichten.<\/p>\n<p>Alles in allen: ein wundersch\u00f6ner Abend, eine wundersch\u00f6ne Ausstellung und auch hier noch einmal ganz herzlichen Dank an das Landesmuseum f\u00fcr moderne Kunst in Cottbus, Frau Kremeier, Frau Roolf, ihren Mitarbeitern und nat\u00fcrlich auch Herrn Goerdten! Eine Reise nach Cottbus lohnt sich!<\/p>\n<p>F\u00fcr die, die es bis zum 21. 1. 2024 nicht dorthin schaffen, werde ich in den n\u00e4chsten Tagen und Wochen auf meinen Facebook- und Instagram-Accounts einige der sehr professionell gemachten Fotos vom Hausfotografen des Museums pr\u00e4sentieren.<\/p>\n","protected":false},"excerpt":{"rendered":"<p>Mit einiger Versp\u00e4tung (wegen 8st\u00fcndiger (!) Bahnheimfahrt von Cottbus nach Gransee und anschlie\u00dfender 48st\u00fcndiger Internetst\u00f6rung in ganz Gransee) hier nun der Bericht von der Ausstellungser\u00f6ffnung: Ich bin begeistert. Die Kuratorin vom Landesmuseum f\u00fcr moderne Kunst hat zwei sehr gro\u00dfe und sch\u00f6ne S\u00e4le mit unseren Typografien zu &#8222;DADA ist 100&#8220; gef\u00fcllt. Die Arbeiten sind alle neu [&hellip;]<\/p>\n","protected":false},"author":2,"featured_media":0,"comment_status":"open","ping_status":"open","sticky":false,"template":"","format":"image","meta":[],"categories":[69,49],"tags":[112,304,210,105,119],"_links":{"self":[{"href":"http:\/\/www.edition-schwarzdruck.de\/index.php?rest_route=\/wp\/v2\/posts\/6141"}],"collection":[{"href":"http:\/\/www.edition-schwarzdruck.de\/index.php?rest_route=\/wp\/v2\/posts"}],"about":[{"href":"http:\/\/www.edition-schwarzdruck.de\/index.php?rest_route=\/wp\/v2\/types\/post"}],"author":[{"embeddable":true,"href":"http:\/\/www.edition-schwarzdruck.de\/index.php?rest_route=\/wp\/v2\/users\/2"}],"replies":[{"embeddable":true,"href":"http:\/\/www.edition-schwarzdruck.de\/index.php?rest_route=%2Fwp%2Fv2%2Fcomments&post=6141"}],"version-history":[{"count":5,"href":"http:\/\/www.edition-schwarzdruck.de\/index.php?rest_route=\/wp\/v2\/posts\/6141\/revisions"}],"predecessor-version":[{"id":6148,"href":"http:\/\/www.edition-schwarzdruck.de\/index.php?rest_route=\/wp\/v2\/posts\/6141\/revisions\/6148"}],"wp:attachment":[{"href":"http:\/\/www.edition-schwarzdruck.de\/index.php?rest_route=%2Fwp%2Fv2%2Fmedia&parent=6141"}],"wp:term":[{"taxonomy":"category","embeddable":true,"href":"http:\/\/www.edition-schwarzdruck.de\/index.php?rest_route=%2Fwp%2Fv2%2Fcategories&post=6141"},{"taxonomy":"post_tag","embeddable":true,"href":"http:\/\/www.edition-schwarzdruck.de\/index.php?rest_route=%2Fwp%2Fv2%2Ftags&post=6141"}],"curies":[{"name":"wp","href":"https:\/\/api.w.org\/{rel}","templated":true}]}}