{"id":6135,"date":"2023-11-12T17:35:50","date_gmt":"2023-11-12T15:35:50","guid":{"rendered":"http:\/\/www.edition-schwarzdruck.de\/?p=6135"},"modified":"2023-11-12T17:36:51","modified_gmt":"2023-11-12T15:36:51","slug":"bitte-setzen","status":"publish","type":"post","link":"http:\/\/www.edition-schwarzdruck.de\/?p=6135","title":{"rendered":"&#8222;Bitte setzen!&#8220;"},"content":{"rendered":"<p>Unter diesem Titel ist die am 28. Oktober er\u00f6ffnete Ausstellung in der Schweriner Galerie &#8222;Blickwinkel&#8220;mit Einblattdrucken des Schwarzdruckers noch bis zum 2. M\u00e4rz 2024 zu sehen. Viel Platz ist dort nicht, doch dank entschlossener Petersburger H\u00e4ngung k\u00f6nnen immerhin 38 gr\u00f6\u00dfere und kleinere gesetzte Arbeiten besichtigt (und einige davon auch gekauft) werden.<\/p>\n<p>Galerie \u00bbBlickwinkel\u00ab Schwerin: M\u00fcnzstr. 18 \u00b7 ge\u00f6ffnet Mo., Do., Fr. 11\u201318 Uhr und Sa. 11-15 Uhr<\/p>\n","protected":false},"excerpt":{"rendered":"<p>Unter diesem Titel ist die am 28. Oktober er\u00f6ffnete Ausstellung in der Schweriner Galerie &#8222;Blickwinkel&#8220;mit Einblattdrucken des Schwarzdruckers noch bis zum 2. M\u00e4rz 2024 zu sehen. Viel Platz ist dort nicht, doch dank entschlossener Petersburger H\u00e4ngung k\u00f6nnen immerhin 38 gr\u00f6\u00dfere und kleinere gesetzte Arbeiten besichtigt (und einige davon auch gekauft) werden. Galerie \u00bbBlickwinkel\u00ab Schwerin: M\u00fcnzstr. [&hellip;]<\/p>\n","protected":false},"author":2,"featured_media":0,"comment_status":"open","ping_status":"open","sticky":false,"template":"","format":"image","meta":[],"categories":[1],"tags":[112,210,105,119],"_links":{"self":[{"href":"http:\/\/www.edition-schwarzdruck.de\/index.php?rest_route=\/wp\/v2\/posts\/6135"}],"collection":[{"href":"http:\/\/www.edition-schwarzdruck.de\/index.php?rest_route=\/wp\/v2\/posts"}],"about":[{"href":"http:\/\/www.edition-schwarzdruck.de\/index.php?rest_route=\/wp\/v2\/types\/post"}],"author":[{"embeddable":true,"href":"http:\/\/www.edition-schwarzdruck.de\/index.php?rest_route=\/wp\/v2\/users\/2"}],"replies":[{"embeddable":true,"href":"http:\/\/www.edition-schwarzdruck.de\/index.php?rest_route=%2Fwp%2Fv2%2Fcomments&post=6135"}],"version-history":[{"count":3,"href":"http:\/\/www.edition-schwarzdruck.de\/index.php?rest_route=\/wp\/v2\/posts\/6135\/revisions"}],"predecessor-version":[{"id":6138,"href":"http:\/\/www.edition-schwarzdruck.de\/index.php?rest_route=\/wp\/v2\/posts\/6135\/revisions\/6138"}],"wp:attachment":[{"href":"http:\/\/www.edition-schwarzdruck.de\/index.php?rest_route=%2Fwp%2Fv2%2Fmedia&parent=6135"}],"wp:term":[{"taxonomy":"category","embeddable":true,"href":"http:\/\/www.edition-schwarzdruck.de\/index.php?rest_route=%2Fwp%2Fv2%2Fcategories&post=6135"},{"taxonomy":"post_tag","embeddable":true,"href":"http:\/\/www.edition-schwarzdruck.de\/index.php?rest_route=%2Fwp%2Fv2%2Ftags&post=6135"}],"curies":[{"name":"wp","href":"https:\/\/api.w.org\/{rel}","templated":true}]}}