{"id":6127,"date":"2023-11-08T01:45:00","date_gmt":"2023-11-07T23:45:00","guid":{"rendered":"http:\/\/www.edition-schwarzdruck.de\/?p=6127"},"modified":"2023-11-08T01:45:44","modified_gmt":"2023-11-07T23:45:44","slug":"gedenken-und-erinnerung-an-michael-maede","status":"publish","type":"post","link":"http:\/\/www.edition-schwarzdruck.de\/?p=6127","title":{"rendered":"Gedenken und Erinnerung an Michael M\u00e4de"},"content":{"rendered":"<p>Nun ist hier im Blog schon einige Zeit nichts Neues mehr vermeldet worden, weil technische, zeitliche und gesundheitliche Gr\u00fcnde das verhindert haben. Nun geht es endlich wieder weiter &#8211; mit einem traurigen Nachruf auf unseren Freund, Autor und Mitstreiter Michael M\u00e4de. Am Donnerstag (also morgen) findet in der Maigalerie der Jungen Welt ein Erinnerung- und Gedenkabend an ihn statt (https:\/\/www.jungewelt.de\/ladengalerie\/index.php). Weil der Schwarzdrucker noch immer derma\u00dfen grippal angeschlagen ist, dass er nicht dorthin kommen kann, wird er folgende daf\u00fcr vorbereitete Worte dort auch nicht sprechen k\u00f6nnen. Deshalb also hier an dieser unauff\u00e4lligen Stelle:<\/p>\n<p>Ich habe Micha kennengelernt wie viele Verleger ihre Autoren kennenlernen: durch ein unverlangt eingesandtes Manuskript. Das fiel mir schon deshalb auf, weil Micha im Gegensatz zu den meisten anderen Einsendern ganz offensichtlich wu\u00dfte, was wir bei der Edition Schwarzdruck machen und wollen. Obwohl wir nur ein ganz kleiner Verlag sind.<\/p>\n<p>Zum zweiten war ich sehr angetan, dass da ein Autor noch ganz klare politische Lyrik schreibt, was Anfang der zweitausender Jahre sehr selten geworden ist. Im Gegensatz zur allgemeinen Meinung \u00fcber das Schicksal unverlangt eingesandter Manuskripte haben wir Michas Gedichte nat\u00fcrlich gedruckt.<\/p>\n<p>Daraus entstand eine Art Freundschaft, soweit man in der meist problematischen Beziehung eines Autors zu seinem Kleinverleger davon reden kann. Normalerweise sind Autoren mit Engagement ihrer Verleger f\u00fcr ihre B\u00fccher immer unzufrieden &#8211; es ist immer zuwenig, egal was der Verleger unternimmt.<span class=\"Apple-converted-space\">\u00a0<\/span><\/p>\n<p>Mit Micha war das anders: er wusste, dass ein so kleiner Verlag kaum eine Chance hat, seine Autoren \u201eam Markt durchzusetzen\u201c. Und er wu\u00dfte, dass soetwas mit so eindeutig linker Lyrik total aussichtslos ist. Insofern hatten wir keine Probleme miteinander, dass sich dieses erste und auch die weiteren B\u00fccher nicht wirklich gut verkauften. Wir freuten uns vielmehr dar\u00fcber, dass es trotzdem und ohne irgendwelche F\u00f6rderungen sehr anst\u00e4ndige B\u00fccher geworden sind, die die Welt durchaus verbessern k\u00f6nnten, wenn man sie denn lesen w\u00fcrde.<span class=\"Apple-converted-space\">\u00a0<\/span><\/p>\n<p>Und Micha hatte auch verstanden, dass ich nicht jedes seiner Manuskripte machen konnte &#8211; sowohl \u00f6konomisch als auch zeitlich. Dass das f\u00fcr Micha nicht leicht zu akzeptieren war angesichts seiner Krankheit d\u00fcrfte jedem klar sein.<span class=\"Apple-converted-space\">\u00a0<\/span><\/p>\n<p>Micha hatte eine bei Autoren seltene und merkw\u00fcrdige Haltung zumindest zu seinen bei uns herausgegebenen B\u00fcchern. Wie alle Autoren freute er sich \u00fcber jedes neue Buch. Aber sobald das gedruckt war, war es f\u00fcr ihn erledigt. Er stellte zur Verzweiflung seines Verlegers fast alle Bem\u00fchungen ein, dieses Buch irgendwie zu bewerben. Ich wei\u00df bis heute nicht, ob das eine besondere Form von Bescheidenheit war. Oder ein Ausdruck von Selbstbewusstsein. Oder ob er schon wieder von anderen Sachen getrieben wurde. F\u00fcr B\u00fccher anderer Autoren aus unserem Verlag hat er sich aber immer nach Kr\u00e4ften eingesetzt: mit Rezensionen, Veranstaltungen, dem Anbieten dieser B\u00fccher in der Ladengalerie. Er war aus meiner Sicht immer ein sehr solidarischer Kollege und Freund, auf den man sich verlassen konnte und der seinen Humor trotz aller scheu\u00dflicher Zeitenwenden behalten hat.<\/p>\n<p>Nun haben wir nur noch unsere Erinnerungen an ihn. Und bleiben werden seine Texte. Die erstaunlicherweise und gleichzeitig erschreckenderweise viel l\u00e4nger aktuell bleiben als man das von oft tagespolitisch inspirierter Lyrik erwartet h\u00e4tte. Das liegt nicht nur daran, dass die Welt in den letzten Jahrzehnten kaum besser geworden ist, sondern auch daran, dass Micha eben ein sehr kluger Dichter war, dessen Worte und Gedichte sehr lange im Kopf bleiben k\u00f6nnen. Mir wird eine Zeile &#8211; ich glaube aus einem Text \u00fcber den 9. 11. &#8211; immer gegenw\u00e4rtig bleiben. Micha schrieb darin von den Schwierigkeiten im Kampf gegen die, \u201edie gar nicht davonkommen wollen\u201c. Er wollte &#8211; in einem anderen Sinn &#8211; auch nie davonkommen. Nun ist er uns abhanden gekommen. Aber \u201edavongemacht\u201c hat er sich nicht.<\/p>\n","protected":false},"excerpt":{"rendered":"<p>Nun ist hier im Blog schon einige Zeit nichts Neues mehr vermeldet worden, weil technische, zeitliche und gesundheitliche Gr\u00fcnde das verhindert haben. Nun geht es endlich wieder weiter &#8211; mit einem traurigen Nachruf auf unseren Freund, Autor und Mitstreiter Michael M\u00e4de. Am Donnerstag (also morgen) findet in der Maigalerie der Jungen Welt ein Erinnerung- und [&hellip;]<\/p>\n","protected":false},"author":2,"featured_media":0,"comment_status":"open","ping_status":"open","sticky":false,"template":"","format":"image","meta":[],"categories":[69],"tags":[154],"_links":{"self":[{"href":"http:\/\/www.edition-schwarzdruck.de\/index.php?rest_route=\/wp\/v2\/posts\/6127"}],"collection":[{"href":"http:\/\/www.edition-schwarzdruck.de\/index.php?rest_route=\/wp\/v2\/posts"}],"about":[{"href":"http:\/\/www.edition-schwarzdruck.de\/index.php?rest_route=\/wp\/v2\/types\/post"}],"author":[{"embeddable":true,"href":"http:\/\/www.edition-schwarzdruck.de\/index.php?rest_route=\/wp\/v2\/users\/2"}],"replies":[{"embeddable":true,"href":"http:\/\/www.edition-schwarzdruck.de\/index.php?rest_route=%2Fwp%2Fv2%2Fcomments&post=6127"}],"version-history":[{"count":1,"href":"http:\/\/www.edition-schwarzdruck.de\/index.php?rest_route=\/wp\/v2\/posts\/6127\/revisions"}],"predecessor-version":[{"id":6128,"href":"http:\/\/www.edition-schwarzdruck.de\/index.php?rest_route=\/wp\/v2\/posts\/6127\/revisions\/6128"}],"wp:attachment":[{"href":"http:\/\/www.edition-schwarzdruck.de\/index.php?rest_route=%2Fwp%2Fv2%2Fmedia&parent=6127"}],"wp:term":[{"taxonomy":"category","embeddable":true,"href":"http:\/\/www.edition-schwarzdruck.de\/index.php?rest_route=%2Fwp%2Fv2%2Fcategories&post=6127"},{"taxonomy":"post_tag","embeddable":true,"href":"http:\/\/www.edition-schwarzdruck.de\/index.php?rest_route=%2Fwp%2Fv2%2Ftags&post=6127"}],"curies":[{"name":"wp","href":"https:\/\/api.w.org\/{rel}","templated":true}]}}