{"id":6038,"date":"2022-12-02T20:00:32","date_gmt":"2022-12-02T18:00:32","guid":{"rendered":"http:\/\/www.edition-schwarzdruck.de\/?p=6038"},"modified":"2022-12-02T20:02:57","modified_gmt":"2022-12-02T18:02:57","slug":"der-wiederdruck-kalender-fuer-2023","status":"publish","type":"post","link":"http:\/\/www.edition-schwarzdruck.de\/?p=6038","title":{"rendered":"Der Widerdruck-Kalender f\u00fcr 2023"},"content":{"rendered":"<p>ist nun endlich fertig und <a href=\"http:\/\/www.schwarzdruck-laden.de\/epages\/62465460.sf\/de_DE\/?ObjectPath=\/Shops\/62465460\/Products\/Widerdruck2023\">im Shop<\/a> k\u00e4uflich. &lt;?php echo do_shortcode(&#8218;<div id=\"metaslider-id-6024\" style=\"width: 100%; margin: 0 auto;\" class=\"ml-slider-3-28-3 metaslider metaslider-flex metaslider-6024 ml-slider\">\n    <div id=\"metaslider_container_6024\">\n        <div id=\"metaslider_6024\">\n            <ul aria-live=\"polite\" class=\"slides\">\n                <li style=\"display: none; width: 100%;\" class=\"slide-6025 ms-image\"><img src=\"http:\/\/www.edition-schwarzdruck.de\/wp-content\/uploads\/2014\/04\/thum-titel-IMG_9364.jpg\" height=\"1000\" width=\"1000\" alt=\"\" class=\"slider-6024 slide-6025\" title=\"thum-titel-IMG_9364\" \/><div class=\"caption-wrap\"><div class=\"caption\">Der Widerdruckkalender f\u00fcr 2023. Zum 100. Geburtstag von Loriot zum Thema \"Fr\u00fcher war mehr Lametta\".<\/div><\/div><\/li>\n                <li style=\"display: none; width: 100%;\" class=\"slide-6026 ms-image\"><img src=\"http:\/\/www.edition-schwarzdruck.de\/wp-content\/uploads\/2014\/04\/thum-jan-IMG_9365.jpg\" height=\"1000\" width=\"1000\" alt=\"\" class=\"slider-6024 slide-6026\" title=\"thum-jan-IMG_9365\" \/><div class=\"caption-wrap\"><div class=\"caption\">Januar: Arbeit von Annette Vogel (Vogelpresse M\u00fcnchen)<\/div><\/div><\/li>\n                <li style=\"display: none; width: 100%;\" class=\"slide-6027 ms-image\"><img src=\"http:\/\/www.edition-schwarzdruck.de\/wp-content\/uploads\/2014\/04\/thum-feb-IMG_9366.jpg\" height=\"1000\" width=\"1000\" alt=\"\" class=\"slider-6024 slide-6027\" title=\"thum-feb-IMG_9366\" \/><div class=\"caption-wrap\"><div class=\"caption\">Februar: Daniel Kunz aus Basel<\/div><\/div><\/li>\n                <li style=\"display: none; width: 100%;\" class=\"slide-6028 ms-image\"><img src=\"http:\/\/www.edition-schwarzdruck.de\/wp-content\/uploads\/2014\/04\/thum-maerz-IMG_9367.jpg\" height=\"1000\" width=\"1000\" alt=\"\" class=\"slider-6024 slide-6028\" title=\"thum-maerz-IMG_9367\" \/><div class=\"caption-wrap\"><div class=\"caption\">M\u00e4rz: Oskar Bernhard (Rehlensche Handpresse N\u00f6rdlingen)<\/div><\/div><\/li>\n                <li style=\"display: none; width: 100%;\" class=\"slide-6029 ms-image\"><img src=\"http:\/\/www.edition-schwarzdruck.de\/wp-content\/uploads\/2014\/04\/thum-april-IMG_9368.jpg\" height=\"1000\" width=\"1000\" alt=\"\" class=\"slider-6024 slide-6029\" title=\"thum-april-IMG_9368\" \/><div class=\"caption-wrap\"><div class=\"caption\">April: Marc Berger (Edition Schwarzdruck, Gransee)<\/div><\/div><\/li>\n                <li style=\"display: none; width: 100%;\" class=\"slide-6030 ms-image\"><img src=\"http:\/\/www.edition-schwarzdruck.de\/wp-content\/uploads\/2014\/04\/thum-mai-IMG_9369.jpg\" height=\"1000\" width=\"1000\" alt=\"\" class=\"slider-6024 slide-6030\" title=\"thum-mai-IMG_9369\" \/><div class=\"caption-wrap\"><div class=\"caption\">Mai: Julienne Jattiot (carpe plumbum, Leipzig)<\/div><\/div><\/li>\n                <li style=\"display: none; width: 100%;\" class=\"slide-6031 ms-image\"><img src=\"http:\/\/www.edition-schwarzdruck.de\/wp-content\/uploads\/2014\/04\/thum-juni-IMG_9370.jpg\" height=\"1000\" width=\"1000\" alt=\"\" class=\"slider-6024 slide-6031\" title=\"thum-juni-IMG_9370\" \/><div class=\"caption-wrap\"><div class=\"caption\">Juni: Heike Schnotale aus Dresden<\/div><\/div><\/li>\n                <li style=\"display: none; width: 100%;\" class=\"slide-6032 ms-image\"><img src=\"http:\/\/www.edition-schwarzdruck.de\/wp-content\/uploads\/2014\/04\/thum-juli-IMG_9371.jpg\" height=\"1000\" width=\"1000\" alt=\"\" class=\"slider-6024 slide-6032\" title=\"thum-juli-IMG_9371\" \/><div class=\"caption-wrap\"><div class=\"caption\">Juli: Thomas Konietschke (Kaefertal-Presse, Eppertshausen)<\/div><\/div><\/li>\n                <li style=\"display: none; width: 100%;\" class=\"slide-6033 ms-image\"><img src=\"http:\/\/www.edition-schwarzdruck.de\/wp-content\/uploads\/2014\/04\/thum-aug-IMG_9372.jpg\" height=\"1000\" width=\"1000\" alt=\"\" class=\"slider-6024 slide-6033\" title=\"thum-aug-IMG_9372\" \/><div class=\"caption-wrap\"><div class=\"caption\">August: Birgit Reichert (Sonnenbergpresse, Chemnitz)<\/div><\/div><\/li>\n                <li style=\"display: none; width: 100%;\" class=\"slide-6034 ms-image\"><img src=\"http:\/\/www.edition-schwarzdruck.de\/wp-content\/uploads\/2014\/04\/thum-sep-IMG_9373.jpg\" height=\"1000\" width=\"1000\" alt=\"\" class=\"slider-6024 slide-6034\" title=\"thum-sep-IMG_9373\" \/><div class=\"caption-wrap\"><div class=\"caption\">September: Werner Enke (Harrisfeldwegpresse, Schweinfurt)<\/div><\/div><\/li>\n                <li style=\"display: none; width: 100%;\" class=\"slide-6035 ms-image\"><img src=\"http:\/\/www.edition-schwarzdruck.de\/wp-content\/uploads\/2014\/04\/thum-okt-IMG_9374.jpg\" height=\"1000\" width=\"1000\" alt=\"\" class=\"slider-6024 slide-6035\" title=\"thum-okt-IMG_9374\" \/><div class=\"caption-wrap\"><div class=\"caption\">Oktober: Machtelt van Thiel und Anna Houwen (Stichting GrotesQue, Amsterdam)<\/div><\/div><\/li>\n                <li style=\"display: none; width: 100%;\" class=\"slide-6036 ms-image\"><img src=\"http:\/\/www.edition-schwarzdruck.de\/wp-content\/uploads\/2014\/04\/thum-nov-IMG_9375.jpg\" height=\"1000\" width=\"1000\" alt=\"\" class=\"slider-6024 slide-6036\" title=\"thum-nov-IMG_9375\" \/><div class=\"caption-wrap\"><div class=\"caption\">November: Roland R. Berger (Edition Linksrum, Hohen Neuendorf)<\/div><\/div><\/li>\n                <li style=\"display: none; width: 100%;\" class=\"slide-6037 ms-image\"><img src=\"http:\/\/www.edition-schwarzdruck.de\/wp-content\/uploads\/2014\/04\/thum-dez-IMG_9376.jpg\" height=\"1000\" width=\"1000\" alt=\"\" class=\"slider-6024 slide-6037\" title=\"thum-dez-IMG_9376\" \/><div class=\"caption-wrap\"><div class=\"caption\">Dezember: J\u00fcrgen Meyer Jurkowski (Hamburg)<\/div><\/div><\/li>\n            <\/ul>\n        <\/div>\n        \n    <\/div>\n<\/div>&#8218;); ?&gt;<\/p>\n<p>In normalen Zeiten w\u00e4re es sicherlich ein Bestseller &#8230; wir sind gespannt, wie es in diesen Zeiten l\u00e4uft. Der Schwarzdrucker jedenfalls findet den Kalender au\u00dferordentlich gelungen.<\/p>\n<p>Thema ist der 100. Geburtstag von Loriot. Es gibt wohl wenige Menschen in diesem Land, die Loriot nicht kennen. Weil er das weit verbreitete\u00a0Vorurteil, die Deutschen h\u00e4tten keinen Humor, in genialer Weise widerlegt hat. Die Deutschen k\u00f6nnen Humor haben &#8211; sogar einen sehr eigenen.\u00a0Neben seinen Cartoons, Filmen, Fernsehsketchen, Trickfimen hat er auch ein umfangreiches literarisches Werk hinterlassen. Und dabei auch etliche politische Themen bearbeitet hat, was leider mittlerweile etwas in Vergessenheit geraten ist. Aber nat\u00fcrlich in unserem Kalender eine nicht unerhebliche Rolle spielt.<\/p>\n<p>Das wundersch\u00f6ne Thema haben sehr vielf\u00e4ltig\u00a0originell und original(typo)grafisch bearbeitet: Oskar Bernhard (Rehlensche Handpresse N\u00f6rdlingen), Daniel Kunz (Basel), Birgit Reichert (Sonnenbergpresse Chemnitz), Annette Vogel (Vogelpresse, M\u00fcnchen), Werner Enke (Harrisfeldwegpresse, Schweinfurt), J\u00fcrgen Meyer Jurkowski (Hamburg),\u00a0Julienne Jattiot\u00a0(carpe plumbum, Leipzig), Roland R. Berger (Edition Linksrum, Hohen neuendorf), Thomas Konietschke (Kaefertalpresse, Eppenhausen), Marc Berger (Edition Schwarzdruck, Gransee) und als neues Gesicht in diesem erlesenen Kreis Heike Schnotale aus Dresden.<\/p>\n<p>Es wurden wie immer 100 Exemplare im Format von 58 x 21 cm gefertigt, von denen allerdings die meisten nicht in den Handel kommen. Solange der Vorrat reicht, k\u00f6nnen Verkaufsexemplare zu Preis von 80 Euro in unserem Shop geordert werden.<\/p>\n<p>Die Fotos sind leider immer noch ziemlich schlecht: Sorry. Wir werden auch das irgendwann noch lernen. Aber so kann man eben nur ahnen, wie sch\u00f6n die Bl\u00e4tter sind und muss eben das original kaufen &#8230; solange es noch geht.<\/p>\n","protected":false},"excerpt":{"rendered":"<p>ist nun endlich fertig und im Shop k\u00e4uflich. &lt;?php echo do_shortcode(&#8220;); ?&gt; In normalen Zeiten w\u00e4re es sicherlich ein Bestseller &#8230; wir sind gespannt, wie es in diesen Zeiten l\u00e4uft. Der Schwarzdrucker jedenfalls findet den Kalender au\u00dferordentlich gelungen. Thema ist der 100. Geburtstag von Loriot. Es gibt wohl wenige Menschen in diesem Land, die Loriot [&hellip;]<\/p>\n","protected":false},"author":2,"featured_media":0,"comment_status":"open","ping_status":"open","sticky":false,"template":"","format":"standard","meta":[],"categories":[1],"tags":[],"_links":{"self":[{"href":"http:\/\/www.edition-schwarzdruck.de\/index.php?rest_route=\/wp\/v2\/posts\/6038"}],"collection":[{"href":"http:\/\/www.edition-schwarzdruck.de\/index.php?rest_route=\/wp\/v2\/posts"}],"about":[{"href":"http:\/\/www.edition-schwarzdruck.de\/index.php?rest_route=\/wp\/v2\/types\/post"}],"author":[{"embeddable":true,"href":"http:\/\/www.edition-schwarzdruck.de\/index.php?rest_route=\/wp\/v2\/users\/2"}],"replies":[{"embeddable":true,"href":"http:\/\/www.edition-schwarzdruck.de\/index.php?rest_route=%2Fwp%2Fv2%2Fcomments&post=6038"}],"version-history":[{"count":5,"href":"http:\/\/www.edition-schwarzdruck.de\/index.php?rest_route=\/wp\/v2\/posts\/6038\/revisions"}],"predecessor-version":[{"id":6043,"href":"http:\/\/www.edition-schwarzdruck.de\/index.php?rest_route=\/wp\/v2\/posts\/6038\/revisions\/6043"}],"wp:attachment":[{"href":"http:\/\/www.edition-schwarzdruck.de\/index.php?rest_route=%2Fwp%2Fv2%2Fmedia&parent=6038"}],"wp:term":[{"taxonomy":"category","embeddable":true,"href":"http:\/\/www.edition-schwarzdruck.de\/index.php?rest_route=%2Fwp%2Fv2%2Fcategories&post=6038"},{"taxonomy":"post_tag","embeddable":true,"href":"http:\/\/www.edition-schwarzdruck.de\/index.php?rest_route=%2Fwp%2Fv2%2Ftags&post=6038"}],"curies":[{"name":"wp","href":"https:\/\/api.w.org\/{rel}","templated":true}]}}