{"id":5980,"date":"2022-09-24T13:35:04","date_gmt":"2022-09-24T11:35:04","guid":{"rendered":"http:\/\/www.edition-schwarzdruck.de\/?p=5980"},"modified":"2022-09-24T13:41:18","modified_gmt":"2022-09-24T11:41:18","slug":"bericht-aus-mailand","status":"publish","type":"post","link":"http:\/\/www.edition-schwarzdruck.de\/?p=5980","title":{"rendered":"Bericht aus Mailand"},"content":{"rendered":"<div id=\"metaslider-id-5958\" style=\"width: 100%; margin: 0 auto;\" class=\"ml-slider-3-28-3 metaslider metaslider-flex metaslider-5958 ml-slider\">\n    <div id=\"metaslider_container_5958\">\n        <div id=\"metaslider_5958\">\n            <ul aria-live=\"polite\" class=\"slides\">\n                <li style=\"display: none; width: 100%;\" class=\"slide-5959 ms-image\"><img src=\"http:\/\/www.edition-schwarzdruck.de\/wp-content\/uploads\/2022\/09\/web-SAM_0010-911x910.jpg\" height=\"1000\" width=\"1000\" alt=\"\" class=\"slider-5958 slide-5959\" title=\"web-SAM_0010\" \/><div class=\"caption-wrap\"><div class=\"caption\">Der Weg nach Mailand f\u00fchrte diesmal \u00fcber die Arktis.<\/div><\/div><\/li>\n                <li style=\"display: none; width: 100%;\" class=\"slide-5960 ms-image\"><img src=\"http:\/\/www.edition-schwarzdruck.de\/wp-content\/uploads\/2022\/09\/web-IMG_3846-934x933.jpg\" height=\"1000\" width=\"1000\" alt=\"\" class=\"slider-5958 slide-5960\" title=\"web-IMG_3846\" \/><div class=\"caption-wrap\"><div class=\"caption\">Die Gentrifizierung ist mittlerweile schon bis an der Haust\u00fcr des \"Leoncavallo\" angekommen. <\/div><\/div><\/li>\n                <li style=\"display: none; width: 100%;\" class=\"slide-5968 ms-image\"><img src=\"http:\/\/www.edition-schwarzdruck.de\/wp-content\/uploads\/2014\/04\/web-IMG_3889-960x959.jpg\" height=\"1000\" width=\"1000\" alt=\"\" class=\"slider-5958 slide-5968\" title=\"web-IMG_3889\" \/><div class=\"caption-wrap\"><div class=\"caption\">Hoffentlich wird dieses wunderbare Haus auch das \u00fcberstehen.<\/div><\/div><\/li>\n                <li style=\"display: none; width: 100%;\" class=\"slide-5969 ms-image\"><img src=\"http:\/\/www.edition-schwarzdruck.de\/wp-content\/uploads\/2014\/04\/web-IMG_3916-960x959.jpg\" height=\"1000\" width=\"1000\" alt=\"\" class=\"slider-5958 slide-5969\" title=\"web-IMG_3916\" \/><div class=\"caption-wrap\"><div class=\"caption\">Es wurde wieder qualitativ hochwertig gearbeitet ... den M\u00f6glichkeiten entsprechend.<\/div><\/div><\/li>\n                <li style=\"display: none; width: 100%;\" class=\"slide-5970 ms-image\"><img src=\"http:\/\/www.edition-schwarzdruck.de\/wp-content\/uploads\/2014\/04\/web-IMG_3858.jpg\" height=\"1000\" width=\"1000\" alt=\"\" class=\"slider-5958 slide-5970\" title=\"web-IMG_3858\" \/><div class=\"caption-wrap\"><div class=\"caption\">Voller K\u00f6rpereinsatz war gefordert ...<\/div><\/div><\/li>\n                <li style=\"display: none; width: 100%;\" class=\"slide-5971 ms-image\"><img src=\"http:\/\/www.edition-schwarzdruck.de\/wp-content\/uploads\/2022\/09\/web-SAM_0022.jpg\" height=\"1000\" width=\"1000\" alt=\"\" class=\"slider-5958 slide-5971\" title=\"web-SAM_0022\" \/><div class=\"caption-wrap\"><div class=\"caption\">Die Kleidung den Drucken angepasst ... oder war es umgekehrt?<\/div><\/div><\/li>\n                <li style=\"display: none; width: 100%;\" class=\"slide-5972 ms-image\"><img src=\"http:\/\/www.edition-schwarzdruck.de\/wp-content\/uploads\/2022\/09\/web-SAM_0021.jpg\" height=\"1000\" width=\"1000\" alt=\"\" class=\"slider-5958 slide-5972\" title=\"web-SAM_0021\" \/><div class=\"caption-wrap\"><div class=\"caption\">Typografie in kalligrafischer Umgebung<\/div><\/div><\/li>\n                <li style=\"display: none; width: 100%;\" class=\"slide-5974 ms-image\"><img src=\"http:\/\/www.edition-schwarzdruck.de\/wp-content\/uploads\/2022\/09\/web-IMG_3935-960x959.jpg\" height=\"1000\" width=\"1000\" alt=\"\" class=\"slider-5958 slide-5974\" title=\"web-IMG_3935\" \/><div class=\"caption-wrap\"><div class=\"caption\">Kreativit\u00e4t mit allen Mitteln<\/div><\/div><\/li>\n                <li style=\"display: none; width: 100%;\" class=\"slide-5975 ms-image\"><img src=\"http:\/\/www.edition-schwarzdruck.de\/wp-content\/uploads\/2014\/04\/web-IMG_3857.jpg\" height=\"1000\" width=\"1000\" alt=\"\" class=\"slider-5958 slide-5975\" title=\"web-IMG_3857\" \/><div class=\"caption-wrap\"><div class=\"caption\">Erster Tag - erste Gruppe: Marcos aus Brasilien, Carl aus England, der Schwarzdrucker und Hanna, die Schottin aus Estland. Wir druckten eine Idee von Hanna im Style von Marcos. Der Farbauftrag sah aus (uns unbegreiflichen Gr\u00fcnden) zwar irgendwie merkw\u00fcrdig aus, hat uns aber gefallen. Wenn man soetwas gezielt erreichen will, bekommt man das sicher niemals hin.<\/div><\/div><\/li>\n                <li style=\"display: none; width: 100%;\" class=\"slide-5977 ms-image\"><img src=\"http:\/\/www.edition-schwarzdruck.de\/wp-content\/uploads\/2022\/09\/web-IMG_3896-960x959.jpg\" height=\"1000\" width=\"1000\" alt=\"\" class=\"slider-5958 slide-5977\" title=\"web-IMG_3896\" \/><div class=\"caption-wrap\"><div class=\"caption\">Zweiter Tag, zweite Gruppe. Die Union aus lauter Marks: Mark aus England, Marco aus Venedig, Marc aus Gransee und Marcos aus Brasilien. Da ergab sich die Idee wie von selbst - ich wollte schon immer mal ein mmmm drucken.<\/div><\/div><\/li>\n                <li style=\"display: none; width: 100%;\" class=\"slide-5978 ms-image\"><img src=\"http:\/\/www.edition-schwarzdruck.de\/wp-content\/uploads\/2022\/09\/IMG_3925.jpeg\" height=\"1000\" width=\"1000\" alt=\"\" class=\"slider-5958 slide-5978\" title=\"IMG_3925\" \/><div class=\"caption-wrap\"><div class=\"caption\">Dritter Tag, dritte Gruppe: Sander aus Amsterdam, David aus England und Asha aus Tokyo ... und wieder waren wir traditionsgem\u00e4\u00df als erste fertig und konnten mit einem hintergr\u00fcndigen und raffiniert gedruckten Kommentar zur Europ\u00e4ischen Union beruhigt zur Siesta schreiten.<\/div><\/div><\/li>\n                <li style=\"display: none; width: 100%;\" class=\"slide-5979 ms-image\"><img src=\"http:\/\/www.edition-schwarzdruck.de\/wp-content\/uploads\/2014\/04\/web-IMG_3910-960x959.jpg\" height=\"1000\" width=\"1000\" alt=\"\" class=\"slider-5958 slide-5979\" title=\"web-IMG_3910\" \/><div class=\"caption-wrap\"><div class=\"caption\">Die Party am Sonnabend abend endete erstaunlich fr\u00fch ... aber wir mussten diesmal aus terminlichen Gr\u00fcnden  ja auch schon am Sonntag abreisen. Hoffentlich wird es im n\u00e4chsten Jahr mindestens genauso sch\u00f6n.<\/div><\/div><\/li>\n            <\/ul>\n        <\/div>\n        \n    <\/div>\n<\/div>\n<p>Es war endlich wieder soweit: Letterpress-Workers in Mailand. Es war wie immer sehr sch\u00f6n, anregend, unterhaltsam &#8230;<br \/>\nGro\u00dfer herzlicher Dank an Claudio, Myrna, Lucio, Sander und alle, die die Organisation wieder auf sich genommen haben!<br \/>\nDie An- und Abreise per Flugzeug war gleicherma\u00dfen ungewohnt wie unbequem. Was Menschenmassen in Flugzeuge treibt wird mir von nun ab ewig unbegreiflich bleiben. Und auch in Mailand zeigte es sich: die Welt wird jeden Tag ein bisschen schlechter. Mit dem einst so wunderbaren Leoncavallo (einem autonomen Kulturzentrum, wo wir wie immer zu Gast waren) scheint es ziemlich bergab zu gehen. Ringsrum Baustellen, die auf baldige Gentrifizierung der Gegend schlie\u00dfen lassen und einige der sch\u00f6nsten Graffitis schon abgetragen haben. Au\u00dfer Sonnabend abend war auch erstaunlich wenig los im Leoncavallo und selbst dann: so fr\u00fch war wohl noch nie Ruhe. Wir waren um halb zwei (!) die letzten (!!), die vom Saturdaynightfever nach Hause aufbrachen.<\/p>\n<p>Und am Schlimmsten: die einst sehr gute und g\u00fcnstige interne &#8222;Volksk\u00fcche&#8220; ist zu einer schlechten und nicht wirklich preiswerten &#8222;Volksk\u00fcche&#8220; mutiert. Die beiden kernigen Herren, die jahrelang ihre entschlossene Vorstellung von einer gelungenen Tomatenso\u00dfe mit einem abwechslungsreichen Angebot verbunden haben, sind offenbar gar nicht mehr da &#8230; und es mangelt wohl auch in Mailand an ad\u00e4quatem Fachpersonal. Die bisherige Alternative, die Pizzeria &#8222;Basilicata&#8220; existiert auch nicht mehr &#8230; es ist tragisch, ausgerechnet in Italien sich mit dem Zeug aus der Kaufhalle ern\u00e4hren zu m\u00fcssen.<br \/>\nAber wir waren ja nicht aus kulinarischen, sondern famili\u00e4ren Gr\u00fcnden in Mailand. Auch wenn zahlreiche liebe Kollegen vermisst wurden: Es war wieder wundersch\u00f6nes Arbeiten, Quatschen, Trinken, Spa\u00df haben &#8230; Ein paar neue Gesichter waren auch dabei.<\/p>\n<p>Auch wenn es anstrengend war: neue Kraft getankt, Teile unserer wunderbaren &#8222;Familie&#8220; wiedergetroffen, viel Spa\u00df gehabt, sch\u00f6ne Sachen gedruckt &#8211; was will man mehr? Dass es n\u00e4chstes j\u00e4hr wieder stattfindet!<\/p>\n","protected":false},"excerpt":{"rendered":"<p>Es war endlich wieder soweit: Letterpress-Workers in Mailand. Es war wie immer sehr sch\u00f6n, anregend, unterhaltsam &#8230; Gro\u00dfer herzlicher Dank an Claudio, Myrna, Lucio, Sander und alle, die die Organisation wieder auf sich genommen haben! Die An- und Abreise per Flugzeug war gleicherma\u00dfen ungewohnt wie unbequem. Was Menschenmassen in Flugzeuge treibt wird mir von nun [&hellip;]<\/p>\n","protected":false},"author":2,"featured_media":0,"comment_status":"open","ping_status":"open","sticky":false,"template":"","format":"gallery","meta":[],"categories":[1],"tags":[143,210,105,109,189,188],"_links":{"self":[{"href":"http:\/\/www.edition-schwarzdruck.de\/index.php?rest_route=\/wp\/v2\/posts\/5980"}],"collection":[{"href":"http:\/\/www.edition-schwarzdruck.de\/index.php?rest_route=\/wp\/v2\/posts"}],"about":[{"href":"http:\/\/www.edition-schwarzdruck.de\/index.php?rest_route=\/wp\/v2\/types\/post"}],"author":[{"embeddable":true,"href":"http:\/\/www.edition-schwarzdruck.de\/index.php?rest_route=\/wp\/v2\/users\/2"}],"replies":[{"embeddable":true,"href":"http:\/\/www.edition-schwarzdruck.de\/index.php?rest_route=%2Fwp%2Fv2%2Fcomments&post=5980"}],"version-history":[{"count":4,"href":"http:\/\/www.edition-schwarzdruck.de\/index.php?rest_route=\/wp\/v2\/posts\/5980\/revisions"}],"predecessor-version":[{"id":5984,"href":"http:\/\/www.edition-schwarzdruck.de\/index.php?rest_route=\/wp\/v2\/posts\/5980\/revisions\/5984"}],"wp:attachment":[{"href":"http:\/\/www.edition-schwarzdruck.de\/index.php?rest_route=%2Fwp%2Fv2%2Fmedia&parent=5980"}],"wp:term":[{"taxonomy":"category","embeddable":true,"href":"http:\/\/www.edition-schwarzdruck.de\/index.php?rest_route=%2Fwp%2Fv2%2Fcategories&post=5980"},{"taxonomy":"post_tag","embeddable":true,"href":"http:\/\/www.edition-schwarzdruck.de\/index.php?rest_route=%2Fwp%2Fv2%2Ftags&post=5980"}],"curies":[{"name":"wp","href":"https:\/\/api.w.org\/{rel}","templated":true}]}}