{"id":5835,"date":"2022-08-08T11:35:37","date_gmt":"2022-08-08T09:35:37","guid":{"rendered":"http:\/\/www.edition-schwarzdruck.de\/?p=5835"},"modified":"2022-08-08T16:56:04","modified_gmt":"2022-08-08T14:56:04","slug":"am-24-august-ist-es-soweit","status":"publish","type":"post","link":"http:\/\/www.edition-schwarzdruck.de\/?p=5835","title":{"rendered":"Am 24. August ist es soweit:"},"content":{"rendered":"<p>Die Edition Schwarzdruck zeigt eine repr\u00e4sentative Auswahl ihrer Einblattdrucke aus etwa drei\u00dfig Jahren. Nat\u00fcrlich wollte der Schwarzdrucker ganz viele neue und bisher ungesehene Drucke zeigen. Und nat\u00fcrlich werden nicht alle bis dahin fertig. Aber einige. Und auch die &#8222;alten&#8220; wurden lange nicht gezeigt &#8211; der Besuch lohnt sich also.<\/p>\n<p>Die Ausstellung findet in der Papierm\u00fchle Homburg statt. (Gartenstra\u00dfe 11 \u2022<span class=\"Apple-converted-space\">\u00a0 <\/span>97855 Homburg am Main \u2022<span class=\"Apple-converted-space\">\u00a0 <\/span>Telefon 0 93 95 &#8211; 9 92 22).<br \/>\n\u00d6ffnungszeiten: Dienstag bis Freitag von 10 bis 12 und 14 bis 16 Uhr, Samstag und Sonntag von 10 bis 12 und 14 bis 17 Uhr.<br \/>\nBitte benutzen Sie die Parkpl\u00e4tze des Museums<span class=\"Apple-converted-space\">\u00a0<\/span>in der Remlinger Stra\u00dfe!<\/p>\n<p>Zur Er\u00f6ffnung am 24. August um 18 Uhr sind Sie und Ihre Freunde hiermit herzlich eingeladen! Der Schwarzdrucker wird selbst ein paar einf\u00fchrende Worte sprechen und steht anschlie\u00dfend nat\u00fcrlich auch f\u00fcr weiterf\u00fchrende Fragen gern zur Verf\u00fcgung.<\/p>\n<p>Die Ausstellung wird bis zum 31. Oktober zu sehen sein.<\/p>\n","protected":false},"excerpt":{"rendered":"<p>Die Edition Schwarzdruck zeigt eine repr\u00e4sentative Auswahl ihrer Einblattdrucke aus etwa drei\u00dfig Jahren. Nat\u00fcrlich wollte der Schwarzdrucker ganz viele neue und bisher ungesehene Drucke zeigen. Und nat\u00fcrlich werden nicht alle bis dahin fertig. Aber einige. Und auch die &#8222;alten&#8220; wurden lange nicht gezeigt &#8211; der Besuch lohnt sich also. Die Ausstellung findet in der Papierm\u00fchle [&hellip;]<\/p>\n","protected":false},"author":2,"featured_media":0,"comment_status":"open","ping_status":"open","sticky":false,"template":"","format":"image","meta":[],"categories":[1],"tags":[112,143,210,105,217],"_links":{"self":[{"href":"http:\/\/www.edition-schwarzdruck.de\/index.php?rest_route=\/wp\/v2\/posts\/5835"}],"collection":[{"href":"http:\/\/www.edition-schwarzdruck.de\/index.php?rest_route=\/wp\/v2\/posts"}],"about":[{"href":"http:\/\/www.edition-schwarzdruck.de\/index.php?rest_route=\/wp\/v2\/types\/post"}],"author":[{"embeddable":true,"href":"http:\/\/www.edition-schwarzdruck.de\/index.php?rest_route=\/wp\/v2\/users\/2"}],"replies":[{"embeddable":true,"href":"http:\/\/www.edition-schwarzdruck.de\/index.php?rest_route=%2Fwp%2Fv2%2Fcomments&post=5835"}],"version-history":[{"count":3,"href":"http:\/\/www.edition-schwarzdruck.de\/index.php?rest_route=\/wp\/v2\/posts\/5835\/revisions"}],"predecessor-version":[{"id":5850,"href":"http:\/\/www.edition-schwarzdruck.de\/index.php?rest_route=\/wp\/v2\/posts\/5835\/revisions\/5850"}],"wp:attachment":[{"href":"http:\/\/www.edition-schwarzdruck.de\/index.php?rest_route=%2Fwp%2Fv2%2Fmedia&parent=5835"}],"wp:term":[{"taxonomy":"category","embeddable":true,"href":"http:\/\/www.edition-schwarzdruck.de\/index.php?rest_route=%2Fwp%2Fv2%2Fcategories&post=5835"},{"taxonomy":"post_tag","embeddable":true,"href":"http:\/\/www.edition-schwarzdruck.de\/index.php?rest_route=%2Fwp%2Fv2%2Ftags&post=5835"}],"curies":[{"name":"wp","href":"https:\/\/api.w.org\/{rel}","templated":true}]}}