{"id":5832,"date":"2022-07-28T00:11:41","date_gmt":"2022-07-27T22:11:41","guid":{"rendered":"http:\/\/www.edition-schwarzdruck.de\/?p=5832"},"modified":"2022-07-28T00:11:41","modified_gmt":"2022-07-27T22:11:41","slug":"das-druckfestival-hot-printing-in-offenbach","status":"publish","type":"post","link":"http:\/\/www.edition-schwarzdruck.de\/?p=5832","title":{"rendered":"Das Druckfestival &#8222;Hot printing&#8220; in Offenbach"},"content":{"rendered":"<p>ist nun auch schon zwei Wochen her, machte seinem Namen schon rein wettertechnisch fast immer alle Ehre und ist nun gut \u00fcberstanden. Ein gro\u00dfer Dank an die Organisatoren um Frau Ader vom Klingspor-Museum! Die Atmosph\u00e4re war prima, nette Leute und interessante Arbeiten, meist sch\u00f6nes Wetter, erfreulich gute Musik von einem eigens angeheuerten DJ dazu und am allerbesten: weil es auf dem Hof stattfand, konnte man sogar am eigenen Stand rauchen! Wie damals, vor 100 Jahren &#8230; nostalgische Erinnerungen.<\/p>\n<p>Die Verkaufe waren &#8222;eher m\u00e4\u00dfig&#8220;, was in diesen Zeiten nicht wirklich verwundert, dem engagierten Verk\u00e4ufer aber nat\u00fcrlich nicht gef\u00e4llt. Weshalb das Foto ein besonderes Wunder ist und dem Fotografen Simon Malz ein besonderer Dank geb\u00fchrt: so freundlich sieht der Schwarzdrucker wohl eher selten aus.<\/p>\n","protected":false},"excerpt":{"rendered":"<p>ist nun auch schon zwei Wochen her, machte seinem Namen schon rein wettertechnisch fast immer alle Ehre und ist nun gut \u00fcberstanden. Ein gro\u00dfer Dank an die Organisatoren um Frau Ader vom Klingspor-Museum! Die Atmosph\u00e4re war prima, nette Leute und interessante Arbeiten, meist sch\u00f6nes Wetter, erfreulich gute Musik von einem eigens angeheuerten DJ dazu und [&hellip;]<\/p>\n","protected":false},"author":2,"featured_media":0,"comment_status":"open","ping_status":"open","sticky":false,"template":"","format":"image","meta":[],"categories":[49],"tags":[112,181,204],"_links":{"self":[{"href":"http:\/\/www.edition-schwarzdruck.de\/index.php?rest_route=\/wp\/v2\/posts\/5832"}],"collection":[{"href":"http:\/\/www.edition-schwarzdruck.de\/index.php?rest_route=\/wp\/v2\/posts"}],"about":[{"href":"http:\/\/www.edition-schwarzdruck.de\/index.php?rest_route=\/wp\/v2\/types\/post"}],"author":[{"embeddable":true,"href":"http:\/\/www.edition-schwarzdruck.de\/index.php?rest_route=\/wp\/v2\/users\/2"}],"replies":[{"embeddable":true,"href":"http:\/\/www.edition-schwarzdruck.de\/index.php?rest_route=%2Fwp%2Fv2%2Fcomments&post=5832"}],"version-history":[{"count":1,"href":"http:\/\/www.edition-schwarzdruck.de\/index.php?rest_route=\/wp\/v2\/posts\/5832\/revisions"}],"predecessor-version":[{"id":5833,"href":"http:\/\/www.edition-schwarzdruck.de\/index.php?rest_route=\/wp\/v2\/posts\/5832\/revisions\/5833"}],"wp:attachment":[{"href":"http:\/\/www.edition-schwarzdruck.de\/index.php?rest_route=%2Fwp%2Fv2%2Fmedia&parent=5832"}],"wp:term":[{"taxonomy":"category","embeddable":true,"href":"http:\/\/www.edition-schwarzdruck.de\/index.php?rest_route=%2Fwp%2Fv2%2Fcategories&post=5832"},{"taxonomy":"post_tag","embeddable":true,"href":"http:\/\/www.edition-schwarzdruck.de\/index.php?rest_route=%2Fwp%2Fv2%2Ftags&post=5832"}],"curies":[{"name":"wp","href":"https:\/\/api.w.org\/{rel}","templated":true}]}}