{"id":5825,"date":"2022-06-30T14:53:13","date_gmt":"2022-06-30T12:53:13","guid":{"rendered":"http:\/\/www.edition-schwarzdruck.de\/?p=5825"},"modified":"2022-06-30T14:54:03","modified_gmt":"2022-06-30T12:54:03","slug":"frisch-aus-der-druckerei-2","status":"publish","type":"post","link":"http:\/\/www.edition-schwarzdruck.de\/?p=5825","title":{"rendered":"Frisch aus der Druckerei"},"content":{"rendered":"<p>sind nun endlich die ersten Exemplare unseres Buches <a href=\"http:\/\/www.edition-schwarzdruck.de\/?portfolio=faszination-holzletter\">&#8222;Faszination Holzletter&#8220;<\/a> von <a href=\"http:\/\/www.edition-schwarzdruck.de\/?twofolio=peter-voege\">Peter V\u00f6ge<\/a> eingetroffen. Es war eine lange und schwere Geburt. Umso gr\u00f6\u00dfer ist der Stolz, nun ein doch recht anst\u00e4ndiges Werk fertigbekommen zu haben. Auf dem <a href=\"https:\/\/www.offenbach.de\/microsite\/klingspor_museum\/ausstellungen\/content-ii.22-druckfestival-hot-printing.php\">&#8222;Druckfestival Hot Printing&#8220;<\/a> im Offenbacher Klingspormuseum am Wochenende 9.\/10. Juli wird der Schwarzdrucker das Buch n\u00e4her vorstellen. Dort kann man es auch ganz analog erwerben &#8211; wir werden hoffentlich gen\u00fcgend Exemplare mitbringen.<br \/>\nIn unserem <a href=\"http:\/\/www.schwarzdruck-laden.de\/epages\/62465460.sf\/de_DE\/?ObjectPath=\/Shops\/62465460\/Products\/%22978-3-96611-007-5%20V\u00f6ge%22\">Webshop<\/a> ist es auch schon bestellbar. Der Vertrieb \u00fcber den Buchhandel und Amazon wird noch ein paar Tage brauchen.<br \/>\nSchwarzdruck ist allerdings die n\u00e4chsten Tage viel unterwegs und so werden (auch sonstige) Bestellungen nur etwas eingeschr\u00e4nkt bearbeitet werden k\u00f6nnen. Ab dem 13. Juli geht es aber wieder in gewohnte Bahnen &#8230;<\/p>\n","protected":false},"excerpt":{"rendered":"<p>sind nun endlich die ersten Exemplare unseres Buches &#8222;Faszination Holzletter&#8220; von Peter V\u00f6ge eingetroffen. Es war eine lange und schwere Geburt. Umso gr\u00f6\u00dfer ist der Stolz, nun ein doch recht anst\u00e4ndiges Werk fertigbekommen zu haben. Auf dem &#8222;Druckfestival Hot Printing&#8220; im Offenbacher Klingspormuseum am Wochenende 9.\/10. Juli wird der Schwarzdrucker das Buch n\u00e4her vorstellen. Dort [&hellip;]<\/p>\n","protected":false},"author":2,"featured_media":0,"comment_status":"open","ping_status":"open","sticky":false,"template":"","format":"image","meta":[],"categories":[84],"tags":[143,211,156,105,111,147,120,155],"_links":{"self":[{"href":"http:\/\/www.edition-schwarzdruck.de\/index.php?rest_route=\/wp\/v2\/posts\/5825"}],"collection":[{"href":"http:\/\/www.edition-schwarzdruck.de\/index.php?rest_route=\/wp\/v2\/posts"}],"about":[{"href":"http:\/\/www.edition-schwarzdruck.de\/index.php?rest_route=\/wp\/v2\/types\/post"}],"author":[{"embeddable":true,"href":"http:\/\/www.edition-schwarzdruck.de\/index.php?rest_route=\/wp\/v2\/users\/2"}],"replies":[{"embeddable":true,"href":"http:\/\/www.edition-schwarzdruck.de\/index.php?rest_route=%2Fwp%2Fv2%2Fcomments&post=5825"}],"version-history":[{"count":2,"href":"http:\/\/www.edition-schwarzdruck.de\/index.php?rest_route=\/wp\/v2\/posts\/5825\/revisions"}],"predecessor-version":[{"id":5827,"href":"http:\/\/www.edition-schwarzdruck.de\/index.php?rest_route=\/wp\/v2\/posts\/5825\/revisions\/5827"}],"wp:attachment":[{"href":"http:\/\/www.edition-schwarzdruck.de\/index.php?rest_route=%2Fwp%2Fv2%2Fmedia&parent=5825"}],"wp:term":[{"taxonomy":"category","embeddable":true,"href":"http:\/\/www.edition-schwarzdruck.de\/index.php?rest_route=%2Fwp%2Fv2%2Fcategories&post=5825"},{"taxonomy":"post_tag","embeddable":true,"href":"http:\/\/www.edition-schwarzdruck.de\/index.php?rest_route=%2Fwp%2Fv2%2Ftags&post=5825"}],"curies":[{"name":"wp","href":"https:\/\/api.w.org\/{rel}","templated":true}]}}