{"id":5823,"date":"2022-06-27T16:46:09","date_gmt":"2022-06-27T14:46:09","guid":{"rendered":"http:\/\/www.edition-schwarzdruck.de\/?p=5823"},"modified":"2022-06-27T16:46:09","modified_gmt":"2022-06-27T14:46:09","slug":"diesmal-am-19-juni","status":"publish","type":"post","link":"http:\/\/www.edition-schwarzdruck.de\/?p=5823","title":{"rendered":"Diesmal am 19. Juni"},"content":{"rendered":"<p>fand unsere &#8222;j\u00e4hrliche&#8220; Autorenkonferenz der EEE-Reihe statt. Nachdem sie aus bekannten Gr\u00fcnden im vorigen Jahr ausgefallen ist. Es war sehr hei\u00df und leider mussten einige unserer hochverehrten Mitstreiter ihre Teilnahme aus Urlaubs- und Krankheitsgr\u00fcnden absagen. Trotzdem war im diesmal recht kleinen Kreis die Stimmung pr\u00e4chtig, der Kuchen hervorragend, der Kartoffelsalat essbar &#8230;<br \/>\nZu diesem Anlass wurden sogar wieder einige Drucke von Roland R. berger an die seit zwei Jahren verwaisten W\u00e4nde der Galerie Eremitage geh\u00e4ngt. Es war richtig gem\u00fctlich.\u00a0Was aber am Wichtigsten war: wir hatten wieder gleicherma\u00dfen interessante wie am\u00fcsante Gespr\u00e4che und haben weiterhin spannende Projekte in der &#8222;Pipeline&#8220;. Ein Beschluss wurde auch gefasst: dieses Treffen findet ab kommenden Jahr immer m\u00f6glichst im Mai statt. Da ist das Wetter sch\u00f6ner als im September. Und dann hoffen wir sehr, auch m\u00f6glichst alle, die diesmal nicht kommen konnten, wieder in unserem Kreis pers\u00f6nlich begr\u00fc\u00dfen zu k\u00f6nnen.<\/p>\n","protected":false},"excerpt":{"rendered":"<p>fand unsere &#8222;j\u00e4hrliche&#8220; Autorenkonferenz der EEE-Reihe statt. Nachdem sie aus bekannten Gr\u00fcnden im vorigen Jahr ausgefallen ist. Es war sehr hei\u00df und leider mussten einige unserer hochverehrten Mitstreiter ihre Teilnahme aus Urlaubs- und Krankheitsgr\u00fcnden absagen. Trotzdem war im diesmal recht kleinen Kreis die Stimmung pr\u00e4chtig, der Kuchen hervorragend, der Kartoffelsalat essbar &#8230; Zu diesem Anlass [&hellip;]<\/p>\n","protected":false},"author":2,"featured_media":0,"comment_status":"open","ping_status":"open","sticky":false,"template":"","format":"image","meta":[],"categories":[49],"tags":[112,207,181,190],"_links":{"self":[{"href":"http:\/\/www.edition-schwarzdruck.de\/index.php?rest_route=\/wp\/v2\/posts\/5823"}],"collection":[{"href":"http:\/\/www.edition-schwarzdruck.de\/index.php?rest_route=\/wp\/v2\/posts"}],"about":[{"href":"http:\/\/www.edition-schwarzdruck.de\/index.php?rest_route=\/wp\/v2\/types\/post"}],"author":[{"embeddable":true,"href":"http:\/\/www.edition-schwarzdruck.de\/index.php?rest_route=\/wp\/v2\/users\/2"}],"replies":[{"embeddable":true,"href":"http:\/\/www.edition-schwarzdruck.de\/index.php?rest_route=%2Fwp%2Fv2%2Fcomments&post=5823"}],"version-history":[{"count":1,"href":"http:\/\/www.edition-schwarzdruck.de\/index.php?rest_route=\/wp\/v2\/posts\/5823\/revisions"}],"predecessor-version":[{"id":5824,"href":"http:\/\/www.edition-schwarzdruck.de\/index.php?rest_route=\/wp\/v2\/posts\/5823\/revisions\/5824"}],"wp:attachment":[{"href":"http:\/\/www.edition-schwarzdruck.de\/index.php?rest_route=%2Fwp%2Fv2%2Fmedia&parent=5823"}],"wp:term":[{"taxonomy":"category","embeddable":true,"href":"http:\/\/www.edition-schwarzdruck.de\/index.php?rest_route=%2Fwp%2Fv2%2Fcategories&post=5823"},{"taxonomy":"post_tag","embeddable":true,"href":"http:\/\/www.edition-schwarzdruck.de\/index.php?rest_route=%2Fwp%2Fv2%2Ftags&post=5823"}],"curies":[{"name":"wp","href":"https:\/\/api.w.org\/{rel}","templated":true}]}}