{"id":5804,"date":"2022-06-04T11:33:14","date_gmt":"2022-06-04T09:33:14","guid":{"rendered":"http:\/\/www.edition-schwarzdruck.de\/?p=5804"},"modified":"2022-06-04T11:50:14","modified_gmt":"2022-06-04T09:50:14","slug":"unsere-beiden-bisher-letzten-chilenen","status":"publish","type":"post","link":"http:\/\/www.edition-schwarzdruck.de\/?p=5804","title":{"rendered":"Unsere beiden (bisher) letzten Chilenen,"},"content":{"rendered":"<p>die bei Schwarzdruck erschienen sind, sind ja ziemlich brutal Corona zum Opfer gefallen. Jetzt hat das Instituto Cervantes Bremen einen sehr netten Film mit unserem Herausgeber und \u00dcbersetzer Reiner Kornberger produziert, der bei Youtube zu sehen ist. Da wird nat\u00fcrlich auch \u00fcber unsere B\u00fccher von Gonzalo Rojas, Pablo de Rocha und Jorge Tellier geredet &#8230;<br \/>\nAuch die Zeitschrift Hispanorama (eine Zeitschrift f\u00fcr Spanischlehrer) hat in ihrer neuesten Nummer 176 eine Rezension zu unserem Tellier-Band ver\u00f6ffentlicht.<\/p>\n","protected":false},"excerpt":{"rendered":"<p>die bei Schwarzdruck erschienen sind, sind ja ziemlich brutal Corona zum Opfer gefallen. Jetzt hat das Instituto Cervantes Bremen einen sehr netten Film mit unserem Herausgeber und \u00dcbersetzer Reiner Kornberger produziert, der bei Youtube zu sehen ist. Da wird nat\u00fcrlich auch \u00fcber unsere B\u00fccher von Gonzalo Rojas, Pablo de Rocha und Jorge Tellier geredet &#8230; [&hellip;]<\/p>\n","protected":false},"author":2,"featured_media":0,"comment_status":"open","ping_status":"open","sticky":false,"template":"","format":"video","meta":[],"categories":[1],"tags":[],"_links":{"self":[{"href":"http:\/\/www.edition-schwarzdruck.de\/index.php?rest_route=\/wp\/v2\/posts\/5804"}],"collection":[{"href":"http:\/\/www.edition-schwarzdruck.de\/index.php?rest_route=\/wp\/v2\/posts"}],"about":[{"href":"http:\/\/www.edition-schwarzdruck.de\/index.php?rest_route=\/wp\/v2\/types\/post"}],"author":[{"embeddable":true,"href":"http:\/\/www.edition-schwarzdruck.de\/index.php?rest_route=\/wp\/v2\/users\/2"}],"replies":[{"embeddable":true,"href":"http:\/\/www.edition-schwarzdruck.de\/index.php?rest_route=%2Fwp%2Fv2%2Fcomments&post=5804"}],"version-history":[{"count":1,"href":"http:\/\/www.edition-schwarzdruck.de\/index.php?rest_route=\/wp\/v2\/posts\/5804\/revisions"}],"predecessor-version":[{"id":5805,"href":"http:\/\/www.edition-schwarzdruck.de\/index.php?rest_route=\/wp\/v2\/posts\/5804\/revisions\/5805"}],"wp:attachment":[{"href":"http:\/\/www.edition-schwarzdruck.de\/index.php?rest_route=%2Fwp%2Fv2%2Fmedia&parent=5804"}],"wp:term":[{"taxonomy":"category","embeddable":true,"href":"http:\/\/www.edition-schwarzdruck.de\/index.php?rest_route=%2Fwp%2Fv2%2Fcategories&post=5804"},{"taxonomy":"post_tag","embeddable":true,"href":"http:\/\/www.edition-schwarzdruck.de\/index.php?rest_route=%2Fwp%2Fv2%2Ftags&post=5804"}],"curies":[{"name":"wp","href":"https:\/\/api.w.org\/{rel}","templated":true}]}}