{"id":5781,"date":"2022-06-01T12:23:09","date_gmt":"2022-06-01T10:23:09","guid":{"rendered":"http:\/\/www.edition-schwarzdruck.de\/?p=5781"},"modified":"2022-06-01T12:23:09","modified_gmt":"2022-06-01T10:23:09","slug":"thuro-balzer","status":"publish","type":"post","link":"http:\/\/www.edition-schwarzdruck.de\/?p=5781","title":{"rendered":"Thuro Balzer"},"content":{"rendered":"<p>war ein Rostocker Maler und Lehrer, \u00fcber den Hartmut Gill ein Buch gemacht hat. In gleicher Ausstattung wie sein Buch \u00fcber Wilhelm L\u00f6ber ist es ab <a href=\"http:\/\/www.schwarzdruck-laden.de\/epages\/62465460.sf\/de_DE\/?ObjectPath=\/Shops\/62465460\/Products\/%22978-3-96611-021-1%20Balzer%22\">jetzt lieferbar<\/a>, erg\u00e4nzt unser Kunst-Programm auf das Sch\u00f6nste und zeigt unsere Verbundenheit zur Ostsseeregion.<\/p>\n","protected":false},"excerpt":{"rendered":"<p>war ein Rostocker Maler und Lehrer, \u00fcber den Hartmut Gill ein Buch gemacht hat. In gleicher Ausstattung wie sein Buch \u00fcber Wilhelm L\u00f6ber ist es ab jetzt lieferbar, erg\u00e4nzt unser Kunst-Programm auf das Sch\u00f6nste und zeigt unsere Verbundenheit zur Ostsseeregion.<\/p>\n","protected":false},"author":2,"featured_media":0,"comment_status":"open","ping_status":"open","sticky":false,"template":"","format":"image","meta":[],"categories":[84,1],"tags":[156,291,292,147],"_links":{"self":[{"href":"http:\/\/www.edition-schwarzdruck.de\/index.php?rest_route=\/wp\/v2\/posts\/5781"}],"collection":[{"href":"http:\/\/www.edition-schwarzdruck.de\/index.php?rest_route=\/wp\/v2\/posts"}],"about":[{"href":"http:\/\/www.edition-schwarzdruck.de\/index.php?rest_route=\/wp\/v2\/types\/post"}],"author":[{"embeddable":true,"href":"http:\/\/www.edition-schwarzdruck.de\/index.php?rest_route=\/wp\/v2\/users\/2"}],"replies":[{"embeddable":true,"href":"http:\/\/www.edition-schwarzdruck.de\/index.php?rest_route=%2Fwp%2Fv2%2Fcomments&post=5781"}],"version-history":[{"count":1,"href":"http:\/\/www.edition-schwarzdruck.de\/index.php?rest_route=\/wp\/v2\/posts\/5781\/revisions"}],"predecessor-version":[{"id":5782,"href":"http:\/\/www.edition-schwarzdruck.de\/index.php?rest_route=\/wp\/v2\/posts\/5781\/revisions\/5782"}],"wp:attachment":[{"href":"http:\/\/www.edition-schwarzdruck.de\/index.php?rest_route=%2Fwp%2Fv2%2Fmedia&parent=5781"}],"wp:term":[{"taxonomy":"category","embeddable":true,"href":"http:\/\/www.edition-schwarzdruck.de\/index.php?rest_route=%2Fwp%2Fv2%2Fcategories&post=5781"},{"taxonomy":"post_tag","embeddable":true,"href":"http:\/\/www.edition-schwarzdruck.de\/index.php?rest_route=%2Fwp%2Fv2%2Ftags&post=5781"}],"curies":[{"name":"wp","href":"https:\/\/api.w.org\/{rel}","templated":true}]}}