{"id":5762,"date":"2022-05-05T18:07:33","date_gmt":"2022-05-05T16:07:33","guid":{"rendered":"http:\/\/www.edition-schwarzdruck.de\/?p=5762"},"modified":"2022-05-05T18:07:33","modified_gmt":"2022-05-05T16:07:33","slug":"achtung-urlaub","status":"publish","type":"post","link":"http:\/\/www.edition-schwarzdruck.de\/?p=5762","title":{"rendered":"Achtung: Urlaub!"},"content":{"rendered":"<p>Vom 8. Mai bis zum 22. Mai machen wir ausnahmsweise mal Urlaub. Es ist dringend n\u00f6tig. In dieser Zeit sind wir weder erreichbar noch k\u00f6nnen wir Bestellungen bearbeiten. Vielen Dank f\u00fcr Ihr Verst\u00e4ndnis und Ihre Geduld!<\/p>\n","protected":false},"excerpt":{"rendered":"<p>Vom 8. Mai bis zum 22. Mai machen wir ausnahmsweise mal Urlaub. Es ist dringend n\u00f6tig. In dieser Zeit sind wir weder erreichbar noch k\u00f6nnen wir Bestellungen bearbeiten. Vielen Dank f\u00fcr Ihr Verst\u00e4ndnis und Ihre Geduld!<\/p>\n","protected":false},"author":2,"featured_media":0,"comment_status":"open","ping_status":"open","sticky":false,"template":"","format":"standard","meta":[],"categories":[1],"tags":[],"_links":{"self":[{"href":"http:\/\/www.edition-schwarzdruck.de\/index.php?rest_route=\/wp\/v2\/posts\/5762"}],"collection":[{"href":"http:\/\/www.edition-schwarzdruck.de\/index.php?rest_route=\/wp\/v2\/posts"}],"about":[{"href":"http:\/\/www.edition-schwarzdruck.de\/index.php?rest_route=\/wp\/v2\/types\/post"}],"author":[{"embeddable":true,"href":"http:\/\/www.edition-schwarzdruck.de\/index.php?rest_route=\/wp\/v2\/users\/2"}],"replies":[{"embeddable":true,"href":"http:\/\/www.edition-schwarzdruck.de\/index.php?rest_route=%2Fwp%2Fv2%2Fcomments&post=5762"}],"version-history":[{"count":1,"href":"http:\/\/www.edition-schwarzdruck.de\/index.php?rest_route=\/wp\/v2\/posts\/5762\/revisions"}],"predecessor-version":[{"id":5763,"href":"http:\/\/www.edition-schwarzdruck.de\/index.php?rest_route=\/wp\/v2\/posts\/5762\/revisions\/5763"}],"wp:attachment":[{"href":"http:\/\/www.edition-schwarzdruck.de\/index.php?rest_route=%2Fwp%2Fv2%2Fmedia&parent=5762"}],"wp:term":[{"taxonomy":"category","embeddable":true,"href":"http:\/\/www.edition-schwarzdruck.de\/index.php?rest_route=%2Fwp%2Fv2%2Fcategories&post=5762"},{"taxonomy":"post_tag","embeddable":true,"href":"http:\/\/www.edition-schwarzdruck.de\/index.php?rest_route=%2Fwp%2Fv2%2Ftags&post=5762"}],"curies":[{"name":"wp","href":"https:\/\/api.w.org\/{rel}","templated":true}]}}