{"id":5753,"date":"2022-03-25T16:08:33","date_gmt":"2022-03-25T14:08:33","guid":{"rendered":"http:\/\/www.edition-schwarzdruck.de\/?p=5753"},"modified":"2022-03-26T01:15:11","modified_gmt":"2022-03-25T23:15:11","slug":"der-deutsche-verlagspreis","status":"publish","type":"post","link":"http:\/\/www.edition-schwarzdruck.de\/?p=5753","title":{"rendered":"Der deutsche Verlagspreis"},"content":{"rendered":"<p>geht auch in seiner vierten Auflage nicht an die Edition Schwarzdruck. Das hat die Jury so entschieden. Wieder hat es f\u00fcr uns unter knapp 340 Bewerbern kleiner und unabh\u00e4ngiger Verlage unterschiedlichster Gr\u00f6\u00dfenordnungen nicht gereicht, unter die ersten 63 zu kommen. Daf\u00fcr gab es erneut etliche Verlage, die diesen Preis zum nun schon zweiten oder gar dritten Mal bekommen haben, der ja eigentlich f\u00fcr die verlegerische Gesamtausrichtung und -produktion und nicht f\u00fcr die gerade aktuelle neue Produktion oder einzelne Spitzentitel vergeben wird.<br \/>\nDamit wird das Geschm\u00e4ckle, dass hier auserw\u00e4hlte und gut vernetzte Insiderkreise in den Genuss einer neuer Form von nun schon fast regelm\u00e4\u00dfiger Verlagsf\u00f6rderung kommen, nur noch mehr verst\u00e4rkt. Schlie\u00dflich ist kaum zu glauben, dass es unter so vielen Verlagen fast immer nur dieselben sind, die einen den Regularien entsprechenden preisw\u00fcrdigen Auftritt hinlegen. Was das noch mit der doch eigentlich angestrebten &#8222;F\u00f6rderung einer VIELF\u00c4LTIGEN Verlagslandschaft&#8220; zu tun haben soll, bleibt ein R\u00e4tsel. Schade.<\/p>\n","protected":false},"excerpt":{"rendered":"<p>geht auch in seiner vierten Auflage nicht an die Edition Schwarzdruck. Das hat die Jury so entschieden. Wieder hat es f\u00fcr uns unter knapp 340 Bewerbern kleiner und unabh\u00e4ngiger Verlage unterschiedlichster Gr\u00f6\u00dfenordnungen nicht gereicht, unter die ersten 63 zu kommen. Daf\u00fcr gab es erneut etliche Verlage, die diesen Preis zum nun schon zweiten oder gar [&hellip;]<\/p>\n","protected":false},"author":2,"featured_media":0,"comment_status":"open","ping_status":"open","sticky":false,"template":"","format":"standard","meta":[],"categories":[1],"tags":[],"_links":{"self":[{"href":"http:\/\/www.edition-schwarzdruck.de\/index.php?rest_route=\/wp\/v2\/posts\/5753"}],"collection":[{"href":"http:\/\/www.edition-schwarzdruck.de\/index.php?rest_route=\/wp\/v2\/posts"}],"about":[{"href":"http:\/\/www.edition-schwarzdruck.de\/index.php?rest_route=\/wp\/v2\/types\/post"}],"author":[{"embeddable":true,"href":"http:\/\/www.edition-schwarzdruck.de\/index.php?rest_route=\/wp\/v2\/users\/2"}],"replies":[{"embeddable":true,"href":"http:\/\/www.edition-schwarzdruck.de\/index.php?rest_route=%2Fwp%2Fv2%2Fcomments&post=5753"}],"version-history":[{"count":4,"href":"http:\/\/www.edition-schwarzdruck.de\/index.php?rest_route=\/wp\/v2\/posts\/5753\/revisions"}],"predecessor-version":[{"id":5757,"href":"http:\/\/www.edition-schwarzdruck.de\/index.php?rest_route=\/wp\/v2\/posts\/5753\/revisions\/5757"}],"wp:attachment":[{"href":"http:\/\/www.edition-schwarzdruck.de\/index.php?rest_route=%2Fwp%2Fv2%2Fmedia&parent=5753"}],"wp:term":[{"taxonomy":"category","embeddable":true,"href":"http:\/\/www.edition-schwarzdruck.de\/index.php?rest_route=%2Fwp%2Fv2%2Fcategories&post=5753"},{"taxonomy":"post_tag","embeddable":true,"href":"http:\/\/www.edition-schwarzdruck.de\/index.php?rest_route=%2Fwp%2Fv2%2Ftags&post=5753"}],"curies":[{"name":"wp","href":"https:\/\/api.w.org\/{rel}","templated":true}]}}