{"id":5743,"date":"2022-03-05T16:06:43","date_gmt":"2022-03-05T14:06:43","guid":{"rendered":"http:\/\/www.edition-schwarzdruck.de\/?p=5743"},"modified":"2022-03-05T16:06:43","modified_gmt":"2022-03-05T14:06:43","slug":"normalerweise-erscheinen-hier-keine-bemerkungen","status":"publish","type":"post","link":"http:\/\/www.edition-schwarzdruck.de\/?p=5743","title":{"rendered":"Normalerweise erscheinen hier keine Bemerkungen"},"content":{"rendered":"<p>zur aktuellen Politik &#8211; au\u00dfer sie betreffen die T\u00e4tigkeit des Verlages direkt. Weil der Schwarzdrucker immer mal wieder zum &#8222;Putin-Versteher&#8220; ernannt wird und (bis vor kurzem) auch keine Probleme damit hatte, so bezeichnet zu werden, scheinen hier nun doch ein paar Worte n\u00f6tig:<\/p>\n<p>Verstehen ist eine unabdingbare Voraussetzung, Dinge, Entwicklungen und Menschen einordnen, werten, beurteilen zu k\u00f6nnen und damit dann umzugehen.<br \/>\nInsofern ist es schon eine Tragik, dass es in den letzten mehr als 20 Jahren viel zu wenig &#8222;Putin-Versteher&#8220; gab. Der Versuch des Verstehens ist nicht immer erfolgreich. Man kann immer dabei scheitern &#8211; aus verschiedensten Gr\u00fcnden. Wenn man aber etwas versteht, dann ist es bis zu einem Verst\u00e4ndnis noch ein weiterer Schritt.\u00a0Und vom Verst\u00e4ndnis zur Rechtfertigung oder Verteidigung oder Parteinahme war und ist auch noch ein weiterer gro\u00dfer Unterschied. Das geht in der heutigen Diskussionskultur zumindest hierzulande zunehmend unter.<\/p>\n<p>Sp\u00e4testens seit dem \u00dcberfall auf die Ukraine versteht der Schwarzdrucker Putin gar nicht mehr. Und nat\u00fcrlich verurteilen wir alle, die mit diesem Verlag zu tun haben, den \u00dcberfall auf die Ukraine und diesen Krieg. Das war und ist kein Fehler, sondern ein Verbrechen. Mit schrecklichen absehbaren und auch noch unabsehbaren Folgen. F\u00fcr uns alle: Ukrainer, Russen, Deutsche, Europ\u00e4er &#8230;<\/p>\n<p>Was kein Grund sein kann &#8211; wie nun pl\u00f6tzlich so viele &#8211; &#8222;Russland&#8220; und &#8222;Putin&#8220; gleichzusetzen. Was kein Grund ist, in das offenbar nun angesagte Schwarz-Wei\u00df-Denken zu verfallen und die Welt in &#8222;Gut&#8220; und &#8222;B\u00f6se&#8220; einzuteilen. Es sind viele, die die momentane Katastrophe mit zu verantworten haben: an unterschiedlichsten Stellen, aus unterschiedlichsten Gr\u00fcnden und mit unterschiedlichen Anteilen.<br \/>\nUnser Bestreben war immer, mit unseren B\u00fcchern eine differenzierte Betrachtung der Welt, der Vergangenheit und der Gegenwart und damit die Vernunft zu f\u00f6rdern. Daran halten wir nat\u00fcrlich fest. Das ist jetzt noch n\u00f6tiger und gleichzeitig noch schwerer als bis vor ein paar Tagen. Es gibt aber keine vern\u00fcnftige Alternative dazu..<\/p>\n","protected":false},"excerpt":{"rendered":"<p>zur aktuellen Politik &#8211; au\u00dfer sie betreffen die T\u00e4tigkeit des Verlages direkt. Weil der Schwarzdrucker immer mal wieder zum &#8222;Putin-Versteher&#8220; ernannt wird und (bis vor kurzem) auch keine Probleme damit hatte, so bezeichnet zu werden, scheinen hier nun doch ein paar Worte n\u00f6tig: Verstehen ist eine unabdingbare Voraussetzung, Dinge, Entwicklungen und Menschen einordnen, werten, beurteilen [&hellip;]<\/p>\n","protected":false},"author":2,"featured_media":0,"comment_status":"open","ping_status":"open","sticky":false,"template":"","format":"standard","meta":[],"categories":[1],"tags":[],"_links":{"self":[{"href":"http:\/\/www.edition-schwarzdruck.de\/index.php?rest_route=\/wp\/v2\/posts\/5743"}],"collection":[{"href":"http:\/\/www.edition-schwarzdruck.de\/index.php?rest_route=\/wp\/v2\/posts"}],"about":[{"href":"http:\/\/www.edition-schwarzdruck.de\/index.php?rest_route=\/wp\/v2\/types\/post"}],"author":[{"embeddable":true,"href":"http:\/\/www.edition-schwarzdruck.de\/index.php?rest_route=\/wp\/v2\/users\/2"}],"replies":[{"embeddable":true,"href":"http:\/\/www.edition-schwarzdruck.de\/index.php?rest_route=%2Fwp%2Fv2%2Fcomments&post=5743"}],"version-history":[{"count":2,"href":"http:\/\/www.edition-schwarzdruck.de\/index.php?rest_route=\/wp\/v2\/posts\/5743\/revisions"}],"predecessor-version":[{"id":5749,"href":"http:\/\/www.edition-schwarzdruck.de\/index.php?rest_route=\/wp\/v2\/posts\/5743\/revisions\/5749"}],"wp:attachment":[{"href":"http:\/\/www.edition-schwarzdruck.de\/index.php?rest_route=%2Fwp%2Fv2%2Fmedia&parent=5743"}],"wp:term":[{"taxonomy":"category","embeddable":true,"href":"http:\/\/www.edition-schwarzdruck.de\/index.php?rest_route=%2Fwp%2Fv2%2Fcategories&post=5743"},{"taxonomy":"post_tag","embeddable":true,"href":"http:\/\/www.edition-schwarzdruck.de\/index.php?rest_route=%2Fwp%2Fv2%2Ftags&post=5743"}],"curies":[{"name":"wp","href":"https:\/\/api.w.org\/{rel}","templated":true}]}}