{"id":5730,"date":"2022-02-27T20:49:25","date_gmt":"2022-02-27T18:49:25","guid":{"rendered":"http:\/\/www.edition-schwarzdruck.de\/?p=5730"},"modified":"2022-02-27T20:50:47","modified_gmt":"2022-02-27T18:50:47","slug":"einer-freundlichen-rezension","status":"publish","type":"post","link":"http:\/\/www.edition-schwarzdruck.de\/?p=5730","title":{"rendered":"Einer freundlichen Rezension"},"content":{"rendered":"<p>aus der Th\u00fcringischen Landeszeitung k\u00f6nnen wir nur zustimmen. Lesen! Das Buch nat\u00fcrlich!<\/p>\n","protected":false},"excerpt":{"rendered":"<p>aus der Th\u00fcringischen Landeszeitung k\u00f6nnen wir nur zustimmen. Lesen! Das Buch nat\u00fcrlich!<\/p>\n","protected":false},"author":2,"featured_media":0,"comment_status":"open","ping_status":"open","sticky":false,"template":"","format":"image","meta":[],"categories":[260],"tags":[228,241,147,247],"_links":{"self":[{"href":"http:\/\/www.edition-schwarzdruck.de\/index.php?rest_route=\/wp\/v2\/posts\/5730"}],"collection":[{"href":"http:\/\/www.edition-schwarzdruck.de\/index.php?rest_route=\/wp\/v2\/posts"}],"about":[{"href":"http:\/\/www.edition-schwarzdruck.de\/index.php?rest_route=\/wp\/v2\/types\/post"}],"author":[{"embeddable":true,"href":"http:\/\/www.edition-schwarzdruck.de\/index.php?rest_route=\/wp\/v2\/users\/2"}],"replies":[{"embeddable":true,"href":"http:\/\/www.edition-schwarzdruck.de\/index.php?rest_route=%2Fwp%2Fv2%2Fcomments&post=5730"}],"version-history":[{"count":3,"href":"http:\/\/www.edition-schwarzdruck.de\/index.php?rest_route=\/wp\/v2\/posts\/5730\/revisions"}],"predecessor-version":[{"id":5733,"href":"http:\/\/www.edition-schwarzdruck.de\/index.php?rest_route=\/wp\/v2\/posts\/5730\/revisions\/5733"}],"wp:attachment":[{"href":"http:\/\/www.edition-schwarzdruck.de\/index.php?rest_route=%2Fwp%2Fv2%2Fmedia&parent=5730"}],"wp:term":[{"taxonomy":"category","embeddable":true,"href":"http:\/\/www.edition-schwarzdruck.de\/index.php?rest_route=%2Fwp%2Fv2%2Fcategories&post=5730"},{"taxonomy":"post_tag","embeddable":true,"href":"http:\/\/www.edition-schwarzdruck.de\/index.php?rest_route=%2Fwp%2Fv2%2Ftags&post=5730"}],"curies":[{"name":"wp","href":"https:\/\/api.w.org\/{rel}","templated":true}]}}