{"id":5723,"date":"2022-01-24T21:05:16","date_gmt":"2022-01-24T19:05:16","guid":{"rendered":"http:\/\/www.edition-schwarzdruck.de\/?p=5723"},"modified":"2022-01-24T21:05:16","modified_gmt":"2022-01-24T19:05:16","slug":"die-pressevorstellung-morgen","status":"publish","type":"post","link":"http:\/\/www.edition-schwarzdruck.de\/?p=5723","title":{"rendered":"Die Pressevorstellung morgen"},"content":{"rendered":"<p>unseres f\u00fcr dieses Jahr geplanten Buchprojektes eines regionalen Kochbuches in Zusammenarbeit mit der Siemens-Schule und einem hiesigen Kulturverein f\u00e4llt wegen Corona aus. Mehrere der beteiligten Erwachsenen und etliche der beteiligten Sch\u00fcler wurden heute positiv getestet. Die Schule bleibt nat\u00fcrlich offen &#8230;<\/p>\n","protected":false},"excerpt":{"rendered":"<p>unseres f\u00fcr dieses Jahr geplanten Buchprojektes eines regionalen Kochbuches in Zusammenarbeit mit der Siemens-Schule und einem hiesigen Kulturverein f\u00e4llt wegen Corona aus. Mehrere der beteiligten Erwachsenen und etliche der beteiligten Sch\u00fcler wurden heute positiv getestet. Die Schule bleibt nat\u00fcrlich offen &#8230;<\/p>\n","protected":false},"author":2,"featured_media":0,"comment_status":"open","ping_status":"open","sticky":false,"template":"","format":"standard","meta":[],"categories":[1,50],"tags":[],"_links":{"self":[{"href":"http:\/\/www.edition-schwarzdruck.de\/index.php?rest_route=\/wp\/v2\/posts\/5723"}],"collection":[{"href":"http:\/\/www.edition-schwarzdruck.de\/index.php?rest_route=\/wp\/v2\/posts"}],"about":[{"href":"http:\/\/www.edition-schwarzdruck.de\/index.php?rest_route=\/wp\/v2\/types\/post"}],"author":[{"embeddable":true,"href":"http:\/\/www.edition-schwarzdruck.de\/index.php?rest_route=\/wp\/v2\/users\/2"}],"replies":[{"embeddable":true,"href":"http:\/\/www.edition-schwarzdruck.de\/index.php?rest_route=%2Fwp%2Fv2%2Fcomments&post=5723"}],"version-history":[{"count":1,"href":"http:\/\/www.edition-schwarzdruck.de\/index.php?rest_route=\/wp\/v2\/posts\/5723\/revisions"}],"predecessor-version":[{"id":5724,"href":"http:\/\/www.edition-schwarzdruck.de\/index.php?rest_route=\/wp\/v2\/posts\/5723\/revisions\/5724"}],"wp:attachment":[{"href":"http:\/\/www.edition-schwarzdruck.de\/index.php?rest_route=%2Fwp%2Fv2%2Fmedia&parent=5723"}],"wp:term":[{"taxonomy":"category","embeddable":true,"href":"http:\/\/www.edition-schwarzdruck.de\/index.php?rest_route=%2Fwp%2Fv2%2Fcategories&post=5723"},{"taxonomy":"post_tag","embeddable":true,"href":"http:\/\/www.edition-schwarzdruck.de\/index.php?rest_route=%2Fwp%2Fv2%2Ftags&post=5723"}],"curies":[{"name":"wp","href":"https:\/\/api.w.org\/{rel}","templated":true}]}}