{"id":5718,"date":"2022-01-09T20:28:38","date_gmt":"2022-01-09T18:28:38","guid":{"rendered":"http:\/\/www.edition-schwarzdruck.de\/?p=5718"},"modified":"2022-01-09T20:28:38","modified_gmt":"2022-01-09T18:28:38","slug":"die-erste-traurige-nachricht-2022","status":"publish","type":"post","link":"http:\/\/www.edition-schwarzdruck.de\/?p=5718","title":{"rendered":"Die erste traurige Nachricht 2022"},"content":{"rendered":"<p>stammt noch aus dem vorigen Jahr: Omar Saavedra-Santis ist in Chile gestorben. Seinen Roman &#8222;<a href=\"http:\/\/www.edition-schwarzdruck.de\/?portfolio=die-grosse-stadt\">Die gro\u00dfe Stadt<\/a>&#8220; werden wir immer f\u00fcr eines der wichtigsten und sch\u00f6nsten B\u00fccher halten &#8211; selbst wenn er nicht bei uns erschienen w\u00e4re. Das Buch war einer Gr\u00fcnde, B\u00fccher machen zu wollen.<\/p>\n","protected":false},"excerpt":{"rendered":"<p>stammt noch aus dem vorigen Jahr: Omar Saavedra-Santis ist in Chile gestorben. Seinen Roman &#8222;Die gro\u00dfe Stadt&#8220; werden wir immer f\u00fcr eines der wichtigsten und sch\u00f6nsten B\u00fccher halten &#8211; selbst wenn er nicht bei uns erschienen w\u00e4re. Das Buch war einer Gr\u00fcnde, B\u00fccher machen zu wollen.<\/p>\n","protected":false},"author":2,"featured_media":0,"comment_status":"open","ping_status":"open","sticky":false,"template":"","format":"image","meta":[],"categories":[69],"tags":[154],"_links":{"self":[{"href":"http:\/\/www.edition-schwarzdruck.de\/index.php?rest_route=\/wp\/v2\/posts\/5718"}],"collection":[{"href":"http:\/\/www.edition-schwarzdruck.de\/index.php?rest_route=\/wp\/v2\/posts"}],"about":[{"href":"http:\/\/www.edition-schwarzdruck.de\/index.php?rest_route=\/wp\/v2\/types\/post"}],"author":[{"embeddable":true,"href":"http:\/\/www.edition-schwarzdruck.de\/index.php?rest_route=\/wp\/v2\/users\/2"}],"replies":[{"embeddable":true,"href":"http:\/\/www.edition-schwarzdruck.de\/index.php?rest_route=%2Fwp%2Fv2%2Fcomments&post=5718"}],"version-history":[{"count":1,"href":"http:\/\/www.edition-schwarzdruck.de\/index.php?rest_route=\/wp\/v2\/posts\/5718\/revisions"}],"predecessor-version":[{"id":5719,"href":"http:\/\/www.edition-schwarzdruck.de\/index.php?rest_route=\/wp\/v2\/posts\/5718\/revisions\/5719"}],"wp:attachment":[{"href":"http:\/\/www.edition-schwarzdruck.de\/index.php?rest_route=%2Fwp%2Fv2%2Fmedia&parent=5718"}],"wp:term":[{"taxonomy":"category","embeddable":true,"href":"http:\/\/www.edition-schwarzdruck.de\/index.php?rest_route=%2Fwp%2Fv2%2Fcategories&post=5718"},{"taxonomy":"post_tag","embeddable":true,"href":"http:\/\/www.edition-schwarzdruck.de\/index.php?rest_route=%2Fwp%2Fv2%2Ftags&post=5718"}],"curies":[{"name":"wp","href":"https:\/\/api.w.org\/{rel}","templated":true}]}}