{"id":5695,"date":"2021-12-02T15:08:44","date_gmt":"2021-12-02T13:08:44","guid":{"rendered":"http:\/\/www.edition-schwarzdruck.de\/?p=5695"},"modified":"2021-12-02T15:09:55","modified_gmt":"2021-12-02T13:09:55","slug":"der-widerdruckkalender-fuer-2022","status":"publish","type":"post","link":"http:\/\/www.edition-schwarzdruck.de\/?p=5695","title":{"rendered":"Der Widerdruckkalender f\u00fcr 2022"},"content":{"rendered":"<p>ist nun auch fertig und kann <a href=\"http:\/\/www.schwarzdruck-laden.de\/epages\/62465460.sf\/de_DE\/?ObjectPath=\/Shops\/62465460\/Products\/Widerdruck2022\">hier<\/a> k\u00e4uflich erworben werden. &lt;?php echo do_shortcode(&#8218;<div id=\"metaslider-id-5681\" style=\"width: 100%; margin: 0 auto;\" class=\"ml-slider-3-28-3 metaslider metaslider-flex metaslider-5681 ml-slider\">\n    <div id=\"metaslider_container_5681\">\n        <div id=\"metaslider_5681\">\n            <ul aria-live=\"polite\" class=\"slides\">\n                <li style=\"display: none; width: 100%;\" class=\"slide-5682 ms-image\"><img src=\"http:\/\/www.edition-schwarzdruck.de\/wp-content\/uploads\/2021\/12\/kalender22-titel-IMG_9176-600x600.jpg\" height=\"600\" width=\"600\" alt=\"\" class=\"slider-5681 slide-5682\" title=\"kalender22-titel-IMG_9176\" \/><div class=\"caption-wrap\"><div class=\"caption\">Das Titelblatt. Wenn ich die Titelzeile schwarz gedruckt h\u00e4tte, w\u00e4re sie im Foto besser lesbar gewesen ... schade.<\/div><\/div><\/li>\n                <li style=\"display: none; width: 100%;\" class=\"slide-5683 ms-image\"><img src=\"http:\/\/www.edition-schwarzdruck.de\/wp-content\/uploads\/2021\/12\/web-jan22-IMG_9177-600x600.jpg\" height=\"600\" width=\"600\" alt=\"\" class=\"slider-5681 slide-5683\" title=\"web-jan22-IMG_9177\" \/><div class=\"caption-wrap\"><div class=\"caption\">Im Gedenken an unseren Freund und Kollegen Werner Hiebel, der unter anderem jahrelang sehr sch\u00f6ne Bl\u00e4tter zum Widerdruckkalender beigetragen hat.<\/div><\/div><\/li>\n                <li style=\"display: none; width: 100%;\" class=\"slide-5684 ms-image\"><img src=\"http:\/\/www.edition-schwarzdruck.de\/wp-content\/uploads\/2021\/12\/web-feb22-IMG_9178-600x600.jpg\" height=\"600\" width=\"600\" alt=\"\" class=\"slider-5681 slide-5684\" title=\"web-feb22-IMG_9178\" \/><div class=\"caption-wrap\"><div class=\"caption\">von Daniel Kunz (Basel)<\/div><\/div><\/li>\n                <li style=\"display: none; width: 100%;\" class=\"slide-5685 ms-image\"><img src=\"http:\/\/www.edition-schwarzdruck.de\/wp-content\/uploads\/2021\/12\/web-maerz22-IMG_9179-600x600.jpg\" height=\"600\" width=\"600\" alt=\"\" class=\"slider-5681 slide-5685\" title=\"web-maerz22-IMG_9179\" \/><div class=\"caption-wrap\"><div class=\"caption\">von Birgit Reichert (Sonnenbergpresse, Chemnitz)<\/div><\/div><\/li>\n                <li style=\"display: none; width: 100%;\" class=\"slide-5686 ms-image\"><img src=\"http:\/\/www.edition-schwarzdruck.de\/wp-content\/uploads\/2021\/12\/web-apr22-IMG_9180-600x600.jpg\" height=\"600\" width=\"600\" alt=\"\" class=\"slider-5681 slide-5686\" title=\"web-apr22-IMG_9180\" \/><div class=\"caption-wrap\"><div class=\"caption\">Julienne Jattiot (Berlin, Leipzig)<\/div><\/div><\/li>\n                <li style=\"display: none; width: 100%;\" class=\"slide-5687 ms-image\"><img src=\"http:\/\/www.edition-schwarzdruck.de\/wp-content\/uploads\/2021\/12\/web-mai22IMG_9181-600x600.jpg\" height=\"600\" width=\"600\" alt=\"\" class=\"slider-5681 slide-5687\" title=\"web-mai22IMG_9181\" \/><div class=\"caption-wrap\"><div class=\"caption\">J\u00fcrgen Meyer Jurkowski (Hamburg)<\/div><\/div><\/li>\n                <li style=\"display: none; width: 100%;\" class=\"slide-5688 ms-image\"><img src=\"http:\/\/www.edition-schwarzdruck.de\/wp-content\/uploads\/2021\/12\/web-jun22-IMG_9182-600x600.jpg\" height=\"600\" width=\"600\" alt=\"\" class=\"slider-5681 slide-5688\" title=\"web-jun22-IMG_9182\" \/><div class=\"caption-wrap\"><div class=\"caption\">Annette Vogel (Vogelpresse, M\u00fcnchen)<\/div><\/div><\/li>\n                <li style=\"display: none; width: 100%;\" class=\"slide-5689 ms-image\"><img src=\"http:\/\/www.edition-schwarzdruck.de\/wp-content\/uploads\/2021\/12\/web-jul22-IMG_9183-600x600.jpg\" height=\"600\" width=\"600\" alt=\"\" class=\"slider-5681 slide-5689\" title=\"web-jul22-IMG_9183\" \/><div class=\"caption-wrap\"><div class=\"caption\">Werner Enke (Harrisfeldwegpresse, Schweinfurt)<\/div><\/div><\/li>\n                <li style=\"display: none; width: 100%;\" class=\"slide-5690 ms-image\"><img src=\"http:\/\/www.edition-schwarzdruck.de\/wp-content\/uploads\/2021\/12\/web-aug22-IMG_9184-600x600.jpg\" height=\"600\" width=\"600\" alt=\"\" class=\"slider-5681 slide-5690\" title=\"web-aug22-IMG_9184\" \/><div class=\"caption-wrap\"><div class=\"caption\">Thomas Siemon (carpe plumbum, Leipzig)<\/div><\/div><\/li>\n                <li style=\"display: none; width: 100%;\" class=\"slide-5691 ms-image\"><img src=\"http:\/\/www.edition-schwarzdruck.de\/wp-content\/uploads\/2021\/12\/web-sep22-IMG_9185-600x600.jpg\" height=\"600\" width=\"600\" alt=\"\" class=\"slider-5681 slide-5691\" title=\"web-sep22-IMG_9185\" \/><div class=\"caption-wrap\"><div class=\"caption\">Thomas Konietschke (Kaefertalpresse, Eppertshausen)<\/div><\/div><\/li>\n                <li style=\"display: none; width: 100%;\" class=\"slide-5692 ms-image\"><img src=\"http:\/\/www.edition-schwarzdruck.de\/wp-content\/uploads\/2021\/12\/web-okt22-IMG_9186-600x600.jpg\" height=\"600\" width=\"600\" alt=\"\" class=\"slider-5681 slide-5692\" title=\"web-okt22-IMG_9186\" \/><div class=\"caption-wrap\"><div class=\"caption\">Oskar Bernhard (Rehlensche Handpresse, N\u00f6rdlingen)<\/div><\/div><\/li>\n                <li style=\"display: none; width: 100%;\" class=\"slide-5693 ms-image\"><img src=\"http:\/\/www.edition-schwarzdruck.de\/wp-content\/uploads\/2021\/12\/web-nov22-IMG_9187-600x600.jpg\" height=\"600\" width=\"600\" alt=\"\" class=\"slider-5681 slide-5693\" title=\"web-nov22-IMG_9187\" \/><div class=\"caption-wrap\"><div class=\"caption\">Roland R. Berger (Edition Linksrum, Hohen Neuendorf)<\/div><\/div><\/li>\n                <li style=\"display: none; width: 100%;\" class=\"slide-5694 ms-image\"><img src=\"http:\/\/www.edition-schwarzdruck.de\/wp-content\/uploads\/2021\/12\/web-dez22-IMG_9188-600x600.jpg\" height=\"600\" width=\"600\" alt=\"\" class=\"slider-5681 slide-5694\" title=\"web-dez22-IMG_9188\" \/><div class=\"caption-wrap\"><div class=\"caption\">Marc Berger (Edition Schwarzdruck, Gransee)<\/div><\/div><\/li>\n            <\/ul>\n        <\/div>\n        \n    <\/div>\n<\/div>&#8218;); ?&gt;<\/p>\n<p>Der Kalender ist zwar &#8211; wegen verschiedener innerbetrieblicher Schwierigkeiten im Krisenjahr &#8211; wieder recht sp\u00e4t, nun aber doch noch rechtzeitig fertig geworden. Thema ist diesmal der 100. Geburtstag von Kurt Weidemann. Kurt Weidemann war einer wichtigsten und einflu\u00dfreichsten Graphikdesigner und Typografen der Bundesrepublik. Und auch wenn der Schwarzdrucker von den grafischen Arbeiten Kurt Weidemanns meist nicht so begeistert ist wie seine Fangemeinde: als Autor und Meister des geschliffenen Wortes ist Weidemann auch f\u00fcr Schwarzdruck einer der Gr\u00f6\u00dften. Es gab nicht viele Typografen, die die im Grunde simplen Prinzipien von guter Typografie derma\u00dfen pointiert und zutreffend in Worte fassten. Und sich gelegentlich auch zu weniger speziellen Themen \u00e4u\u00dferten. Der (bisher)\u00a0letzte dieser Heroen war Kurt Weidemann.<\/p>\n<p>Das wundersch\u00f6ne Thema haben original(typo)grafisch bearbeitet: Oskar Bernhard (Rehlensche Handpresse N\u00f6rdlingen), Daniel Kunz (Basel), Thomas Siemon (Carpe plumbum, Leipzig), Birgit Reichert (Sonnenbergpresse Chemnitz), Annette Vogel (Vogelpresse, M\u00fcnchen), Werner Enke (Harrisfeldwegpresse, Schweinfurt), J\u00fcrgen Meyer Jurkowski (Hamburg),\u00a0Julienne Jattiot\u00a0(Leipzig), Roland R. Berger (Edition Linksrum, Hohen neuendorf), Thomas Konietschke (Kaefertalpresse, Eppenhausen) und Marc Berger (Edition Schwarzdruck, Gransee).<\/p>\n<p>Es wurden wie immer 100 Exemplare im Format von 58 x 21 cm gefertigt, von denen allerdings die meisten nicht in den Handel kommen. Solange der Vorrat reicht, k\u00f6nnen Verkaufsexemplare zu Preis von 80 Euro in unserem Shop geordert werden.<\/p>\n","protected":false},"excerpt":{"rendered":"<p>ist nun auch fertig und kann hier k\u00e4uflich erworben werden. &lt;?php echo do_shortcode(&#8220;); ?&gt; Der Kalender ist zwar &#8211; wegen verschiedener innerbetrieblicher Schwierigkeiten im Krisenjahr &#8211; wieder recht sp\u00e4t, nun aber doch noch rechtzeitig fertig geworden. Thema ist diesmal der 100. Geburtstag von Kurt Weidemann. Kurt Weidemann war einer wichtigsten und einflu\u00dfreichsten Graphikdesigner und Typografen [&hellip;]<\/p>\n","protected":false},"author":2,"featured_media":0,"comment_status":"open","ping_status":"open","sticky":false,"template":"","format":"standard","meta":[],"categories":[84,1],"tags":[143,105,147,119],"_links":{"self":[{"href":"http:\/\/www.edition-schwarzdruck.de\/index.php?rest_route=\/wp\/v2\/posts\/5695"}],"collection":[{"href":"http:\/\/www.edition-schwarzdruck.de\/index.php?rest_route=\/wp\/v2\/posts"}],"about":[{"href":"http:\/\/www.edition-schwarzdruck.de\/index.php?rest_route=\/wp\/v2\/types\/post"}],"author":[{"embeddable":true,"href":"http:\/\/www.edition-schwarzdruck.de\/index.php?rest_route=\/wp\/v2\/users\/2"}],"replies":[{"embeddable":true,"href":"http:\/\/www.edition-schwarzdruck.de\/index.php?rest_route=%2Fwp%2Fv2%2Fcomments&post=5695"}],"version-history":[{"count":2,"href":"http:\/\/www.edition-schwarzdruck.de\/index.php?rest_route=\/wp\/v2\/posts\/5695\/revisions"}],"predecessor-version":[{"id":5697,"href":"http:\/\/www.edition-schwarzdruck.de\/index.php?rest_route=\/wp\/v2\/posts\/5695\/revisions\/5697"}],"wp:attachment":[{"href":"http:\/\/www.edition-schwarzdruck.de\/index.php?rest_route=%2Fwp%2Fv2%2Fmedia&parent=5695"}],"wp:term":[{"taxonomy":"category","embeddable":true,"href":"http:\/\/www.edition-schwarzdruck.de\/index.php?rest_route=%2Fwp%2Fv2%2Fcategories&post=5695"},{"taxonomy":"post_tag","embeddable":true,"href":"http:\/\/www.edition-schwarzdruck.de\/index.php?rest_route=%2Fwp%2Fv2%2Ftags&post=5695"}],"curies":[{"name":"wp","href":"https:\/\/api.w.org\/{rel}","templated":true}]}}