{"id":5666,"date":"2021-11-30T12:42:18","date_gmt":"2021-11-30T10:42:18","guid":{"rendered":"http:\/\/www.edition-schwarzdruck.de\/?p=5666"},"modified":"2021-11-30T12:42:18","modified_gmt":"2021-11-30T10:42:18","slug":"die-naechste-neuerscheinung","status":"publish","type":"post","link":"http:\/\/www.edition-schwarzdruck.de\/?p=5666","title":{"rendered":"Die n\u00e4chste Neuerscheinung"},"content":{"rendered":"<p>k\u00f6nnen wir stolz verk\u00fcnden: der dritte Band chilenischer Lyriker ist nun da. Diesmal mit Werken von <a href=\"http:\/\/www.edition-schwarzdruck.de\/?twofolio=jorge-teillier\">Jorge Teillier<\/a>, ein gleicherma\u00dfen hierzulande unbekannter wie auch interessanter Mann. Erstmalig in Deutsche \u00fcbertragen von Reiner Kornberger unter dem etwas kryptischen Titel &#8222;Botschaften aus Nimmerland&#8220;. In nun schon bew\u00e4hrter Weise ist wieder eine sehr sch\u00f6ne Hardcoverausgabe in Deutsch und Spanisch dank der Unterst\u00fctzung der chilenischen Botschaft entstanden. Erh\u00e4ltlich ab sofort im <a href=\"http:\/\/www.schwarzdruck-laden.de\/epages\/62465460.sf\/de_DE\/?ObjectPath=\/Shops\/62465460\/Products\/%22978-3-96611-018-1%20taillier%22\">Shop<\/a>, in ein paar Tagen auch im Buchhandel.<\/p>\n<p>Es war sogar eine Buchpremiere am 8. Dezember geplant &#8211; ob und wie sie nun digital stattfinden kann, entnehmen Sie bitte der <a href=\"https:\/\/cultura.cervantes.es\/berlin\/de\/Jorge-Teillier:-Mensajes-del-pa%C3%ADs-de-nunca-jam\u00e1s\/147364\">Webseite des Cervantes-Instituts<\/a>.<\/p>\n","protected":false},"excerpt":{"rendered":"<p>k\u00f6nnen wir stolz verk\u00fcnden: der dritte Band chilenischer Lyriker ist nun da. Diesmal mit Werken von Jorge Teillier, ein gleicherma\u00dfen hierzulande unbekannter wie auch interessanter Mann. Erstmalig in Deutsche \u00fcbertragen von Reiner Kornberger unter dem etwas kryptischen Titel &#8222;Botschaften aus Nimmerland&#8220;. In nun schon bew\u00e4hrter Weise ist wieder eine sehr sch\u00f6ne Hardcoverausgabe in Deutsch und [&hellip;]<\/p>\n","protected":false},"author":2,"featured_media":0,"comment_status":"open","ping_status":"open","sticky":false,"template":"","format":"image","meta":[],"categories":[84],"tags":[286,226,147],"_links":{"self":[{"href":"http:\/\/www.edition-schwarzdruck.de\/index.php?rest_route=\/wp\/v2\/posts\/5666"}],"collection":[{"href":"http:\/\/www.edition-schwarzdruck.de\/index.php?rest_route=\/wp\/v2\/posts"}],"about":[{"href":"http:\/\/www.edition-schwarzdruck.de\/index.php?rest_route=\/wp\/v2\/types\/post"}],"author":[{"embeddable":true,"href":"http:\/\/www.edition-schwarzdruck.de\/index.php?rest_route=\/wp\/v2\/users\/2"}],"replies":[{"embeddable":true,"href":"http:\/\/www.edition-schwarzdruck.de\/index.php?rest_route=%2Fwp%2Fv2%2Fcomments&post=5666"}],"version-history":[{"count":1,"href":"http:\/\/www.edition-schwarzdruck.de\/index.php?rest_route=\/wp\/v2\/posts\/5666\/revisions"}],"predecessor-version":[{"id":5667,"href":"http:\/\/www.edition-schwarzdruck.de\/index.php?rest_route=\/wp\/v2\/posts\/5666\/revisions\/5667"}],"wp:attachment":[{"href":"http:\/\/www.edition-schwarzdruck.de\/index.php?rest_route=%2Fwp%2Fv2%2Fmedia&parent=5666"}],"wp:term":[{"taxonomy":"category","embeddable":true,"href":"http:\/\/www.edition-schwarzdruck.de\/index.php?rest_route=%2Fwp%2Fv2%2Fcategories&post=5666"},{"taxonomy":"post_tag","embeddable":true,"href":"http:\/\/www.edition-schwarzdruck.de\/index.php?rest_route=%2Fwp%2Fv2%2Ftags&post=5666"}],"curies":[{"name":"wp","href":"https:\/\/api.w.org\/{rel}","templated":true}]}}