{"id":5640,"date":"2021-11-26T22:51:46","date_gmt":"2021-11-26T20:51:46","guid":{"rendered":"http:\/\/www.edition-schwarzdruck.de\/?p=5640"},"modified":"2021-11-26T22:52:20","modified_gmt":"2021-11-26T20:52:20","slug":"auch-weil-christoph-hein-unbegreiflicherweise","status":"publish","type":"post","link":"http:\/\/www.edition-schwarzdruck.de\/?p=5640","title":{"rendered":"Auch weil Christoph Hein unbegreiflicherweise"},"content":{"rendered":"<p>noch immer nicht den B\u00fcchner-Preis bekommen hat, obwohl er doch nach Meinung der Edition Schwarzdruck seit Jahrzehnten zu den wichtigsten Autoren Deutschlands geh\u00f6rt, haben wir dieses <a href=\"http:\/\/www.edition-schwarzdruck.de\/?portfolio=der-vergessene-mythos-die-zerstoererische-zivilisation\">Buch<\/a> von R\u00fcdiger Bernhard sehr gern gemacht. Vielleicht kann es sogar dem einen oder anderen Jurymitglied zur Erleuchtung verhelfen. Aber auch f\u00fcr alle normalen Leser Christoph Heins d\u00fcrfte dieser Band sehr interessant werden. R\u00fcdiger Bernhard beleuchtet gleicherma\u00dfen akribisch wie fundiert das literarische Werk von Christoph Hein und gew\u00e4hrt einen tiefen Einblick in die Geschichte und Interpretationen dieser B\u00fccher.<br \/>\nNun endlich erschienen und wie immer: im Shop schon bestellbar, im Buchhandel dauert es noch ein paar Tage.<\/p>\n","protected":false},"excerpt":{"rendered":"<p>noch immer nicht den B\u00fcchner-Preis bekommen hat, obwohl er doch nach Meinung der Edition Schwarzdruck seit Jahrzehnten zu den wichtigsten Autoren Deutschlands geh\u00f6rt, haben wir dieses Buch von R\u00fcdiger Bernhard sehr gern gemacht. Vielleicht kann es sogar dem einen oder anderen Jurymitglied zur Erleuchtung verhelfen. Aber auch f\u00fcr alle normalen Leser Christoph Heins d\u00fcrfte dieser [&hellip;]<\/p>\n","protected":false},"author":2,"featured_media":0,"comment_status":"open","ping_status":"open","sticky":false,"template":"","format":"image","meta":[],"categories":[84],"tags":[285,186,147],"_links":{"self":[{"href":"http:\/\/www.edition-schwarzdruck.de\/index.php?rest_route=\/wp\/v2\/posts\/5640"}],"collection":[{"href":"http:\/\/www.edition-schwarzdruck.de\/index.php?rest_route=\/wp\/v2\/posts"}],"about":[{"href":"http:\/\/www.edition-schwarzdruck.de\/index.php?rest_route=\/wp\/v2\/types\/post"}],"author":[{"embeddable":true,"href":"http:\/\/www.edition-schwarzdruck.de\/index.php?rest_route=\/wp\/v2\/users\/2"}],"replies":[{"embeddable":true,"href":"http:\/\/www.edition-schwarzdruck.de\/index.php?rest_route=%2Fwp%2Fv2%2Fcomments&post=5640"}],"version-history":[{"count":3,"href":"http:\/\/www.edition-schwarzdruck.de\/index.php?rest_route=\/wp\/v2\/posts\/5640\/revisions"}],"predecessor-version":[{"id":5643,"href":"http:\/\/www.edition-schwarzdruck.de\/index.php?rest_route=\/wp\/v2\/posts\/5640\/revisions\/5643"}],"wp:attachment":[{"href":"http:\/\/www.edition-schwarzdruck.de\/index.php?rest_route=%2Fwp%2Fv2%2Fmedia&parent=5640"}],"wp:term":[{"taxonomy":"category","embeddable":true,"href":"http:\/\/www.edition-schwarzdruck.de\/index.php?rest_route=%2Fwp%2Fv2%2Fcategories&post=5640"},{"taxonomy":"post_tag","embeddable":true,"href":"http:\/\/www.edition-schwarzdruck.de\/index.php?rest_route=%2Fwp%2Fv2%2Ftags&post=5640"}],"curies":[{"name":"wp","href":"https:\/\/api.w.org\/{rel}","templated":true}]}}