{"id":5632,"date":"2021-11-25T19:44:29","date_gmt":"2021-11-25T17:44:29","guid":{"rendered":"http:\/\/www.edition-schwarzdruck.de\/?p=5632"},"modified":"2021-11-25T19:44:29","modified_gmt":"2021-11-25T17:44:29","slug":"wie-von-schinkels-eigener-hand","status":"publish","type":"post","link":"http:\/\/www.edition-schwarzdruck.de\/?p=5632","title":{"rendered":"Wie von Schinkels eigener Hand"},"content":{"rendered":"<p>ist diese Neuerscheinung nicht gedruckt, sondern m\u00fchselig am Computer und im Digitaldruck geschaffen. Ein kleines <a href=\"http:\/\/www.edition-schwarzdruck.de\/?portfolio=wie-von-schinkels-eigener-hand\">Buch<\/a> mit langem Untertitel, welches viel Arbeit gemacht hat (mit mehr als 300, davon vielen farbigen Abbildungen). Wir sind gl\u00fccklich, nun endlich die Erscheinung melden zu k\u00f6nnen. Es geht darin um die k\u00fcnstlerische Ausstattung des Konzerthauses am Berliner Gendarmenmarkt &#8230; und die Geschichte seines Wiederaufbaus mit aufwendigsten Restaurierungsma\u00dfnahmen. Werner Nehrlich hat jahrelang mit einer unglaublichen Akribie dazu geforscht, gesammelt, gelesen, interviewt. Das auch durchaus gegen einige Widerst\u00e4nde &#8211; es gef\u00e4llt nicht jedem, dass dieser Kraftakt der Restaurierung von einem anderen Deutschland geleistet wurde.<br \/>\nAb sofort im Shop erh\u00e4ltlich, im Buchhandel dauert es noch ein paar Tage.<\/p>\n","protected":false},"excerpt":{"rendered":"<p>ist diese Neuerscheinung nicht gedruckt, sondern m\u00fchselig am Computer und im Digitaldruck geschaffen. Ein kleines Buch mit langem Untertitel, welches viel Arbeit gemacht hat (mit mehr als 300, davon vielen farbigen Abbildungen). Wir sind gl\u00fccklich, nun endlich die Erscheinung melden zu k\u00f6nnen. Es geht darin um die k\u00fcnstlerische Ausstattung des Konzerthauses am Berliner Gendarmenmarkt &#8230; [&hellip;]<\/p>\n","protected":false},"author":2,"featured_media":0,"comment_status":"open","ping_status":"open","sticky":false,"template":"","format":"image","meta":[],"categories":[84],"tags":[147],"_links":{"self":[{"href":"http:\/\/www.edition-schwarzdruck.de\/index.php?rest_route=\/wp\/v2\/posts\/5632"}],"collection":[{"href":"http:\/\/www.edition-schwarzdruck.de\/index.php?rest_route=\/wp\/v2\/posts"}],"about":[{"href":"http:\/\/www.edition-schwarzdruck.de\/index.php?rest_route=\/wp\/v2\/types\/post"}],"author":[{"embeddable":true,"href":"http:\/\/www.edition-schwarzdruck.de\/index.php?rest_route=\/wp\/v2\/users\/2"}],"replies":[{"embeddable":true,"href":"http:\/\/www.edition-schwarzdruck.de\/index.php?rest_route=%2Fwp%2Fv2%2Fcomments&post=5632"}],"version-history":[{"count":1,"href":"http:\/\/www.edition-schwarzdruck.de\/index.php?rest_route=\/wp\/v2\/posts\/5632\/revisions"}],"predecessor-version":[{"id":5633,"href":"http:\/\/www.edition-schwarzdruck.de\/index.php?rest_route=\/wp\/v2\/posts\/5632\/revisions\/5633"}],"wp:attachment":[{"href":"http:\/\/www.edition-schwarzdruck.de\/index.php?rest_route=%2Fwp%2Fv2%2Fmedia&parent=5632"}],"wp:term":[{"taxonomy":"category","embeddable":true,"href":"http:\/\/www.edition-schwarzdruck.de\/index.php?rest_route=%2Fwp%2Fv2%2Fcategories&post=5632"},{"taxonomy":"post_tag","embeddable":true,"href":"http:\/\/www.edition-schwarzdruck.de\/index.php?rest_route=%2Fwp%2Fv2%2Ftags&post=5632"}],"curies":[{"name":"wp","href":"https:\/\/api.w.org\/{rel}","templated":true}]}}