{"id":5622,"date":"2021-11-11T12:47:12","date_gmt":"2021-11-11T10:47:12","guid":{"rendered":"http:\/\/www.edition-schwarzdruck.de\/?p=5622"},"modified":"2021-11-11T12:47:58","modified_gmt":"2021-11-11T10:47:58","slug":"die-artbook-in-berlin","status":"publish","type":"post","link":"http:\/\/www.edition-schwarzdruck.de\/?p=5622","title":{"rendered":"Die &#8222;ArtBook&#8220; in Berlin"},"content":{"rendered":"<p>im November f\u00e4llt ja nun leider aus. Damit ist f\u00fcr Schwarzdruck die diesj\u00e4hrige &#8222;Messesaison&#8220; schon wieder vorbei. Die n\u00e4chsten Termine w\u00e4ren &#8211; sofern es die gesetzlichen Bestimmungen dann noch oder wieder zulassen &#8211; im Fr\u00fchjahr 2022. Wir haben die feste Absicht, am ersten M\u00e4rzwochenende nach Borken zur &#8222;Grafikb\u00f6rse&#8220; und am ersten Aprilwochenende nach Hamburg zur &#8222;Buchkunst&#8220; zu fahren. Au\u00dferdem stehen (noch unbestimmt) auf dem Plan 2022: eine in diesem Jahr verschobene Buchmesse im September in Ulm, die hoffentlich nur auf 2022 verschoben wurde. Und die &#8222;Linke Literaturmesse&#8220; in N\u00fcrnberg, die &#8222;Druck und Buch&#8220; in Erlangen und die &#8222;ArtBook&#8220; in Berlin dann im n\u00e4chsten Jahr k\u00f6nnten &#8211; wenn sie denn stattfinden &#8211; zu einem Messerekordjahr f\u00fchren.<\/p>\n","protected":false},"excerpt":{"rendered":"<p>im November f\u00e4llt ja nun leider aus. Damit ist f\u00fcr Schwarzdruck die diesj\u00e4hrige &#8222;Messesaison&#8220; schon wieder vorbei. Die n\u00e4chsten Termine w\u00e4ren &#8211; sofern es die gesetzlichen Bestimmungen dann noch oder wieder zulassen &#8211; im Fr\u00fchjahr 2022. Wir haben die feste Absicht, am ersten M\u00e4rzwochenende nach Borken zur &#8222;Grafikb\u00f6rse&#8220; und am ersten Aprilwochenende nach Hamburg zur [&hellip;]<\/p>\n","protected":false},"author":2,"featured_media":0,"comment_status":"open","ping_status":"open","sticky":false,"template":"","format":"standard","meta":[],"categories":[49],"tags":[],"_links":{"self":[{"href":"http:\/\/www.edition-schwarzdruck.de\/index.php?rest_route=\/wp\/v2\/posts\/5622"}],"collection":[{"href":"http:\/\/www.edition-schwarzdruck.de\/index.php?rest_route=\/wp\/v2\/posts"}],"about":[{"href":"http:\/\/www.edition-schwarzdruck.de\/index.php?rest_route=\/wp\/v2\/types\/post"}],"author":[{"embeddable":true,"href":"http:\/\/www.edition-schwarzdruck.de\/index.php?rest_route=\/wp\/v2\/users\/2"}],"replies":[{"embeddable":true,"href":"http:\/\/www.edition-schwarzdruck.de\/index.php?rest_route=%2Fwp%2Fv2%2Fcomments&post=5622"}],"version-history":[{"count":2,"href":"http:\/\/www.edition-schwarzdruck.de\/index.php?rest_route=\/wp\/v2\/posts\/5622\/revisions"}],"predecessor-version":[{"id":5624,"href":"http:\/\/www.edition-schwarzdruck.de\/index.php?rest_route=\/wp\/v2\/posts\/5622\/revisions\/5624"}],"wp:attachment":[{"href":"http:\/\/www.edition-schwarzdruck.de\/index.php?rest_route=%2Fwp%2Fv2%2Fmedia&parent=5622"}],"wp:term":[{"taxonomy":"category","embeddable":true,"href":"http:\/\/www.edition-schwarzdruck.de\/index.php?rest_route=%2Fwp%2Fv2%2Fcategories&post=5622"},{"taxonomy":"post_tag","embeddable":true,"href":"http:\/\/www.edition-schwarzdruck.de\/index.php?rest_route=%2Fwp%2Fv2%2Ftags&post=5622"}],"curies":[{"name":"wp","href":"https:\/\/api.w.org\/{rel}","templated":true}]}}