{"id":5618,"date":"2021-11-06T16:27:11","date_gmt":"2021-11-06T14:27:11","guid":{"rendered":"http:\/\/www.edition-schwarzdruck.de\/?p=5618"},"modified":"2021-11-06T16:27:11","modified_gmt":"2021-11-06T14:27:11","slug":"willi-muenzenberg","status":"publish","type":"post","link":"http:\/\/www.edition-schwarzdruck.de\/?p=5618","title":{"rendered":"Willi M\u00fcnzenberg"},"content":{"rendered":"<p>ist einer der gro\u00dfen Helden vom Schwarzdrucker. Und auch wenn Willis Verlagsimperien ungleich gr\u00f6\u00dfer und bedeutender als die kleine Edition Schwarzdruck: es ist uns eine gro\u00dfe Freude, einen kleinen Beitrag zur M\u00fcnzenbergforschung und somit zur Bewahrung seines Andenkens leisten zu d\u00fcrfen. Dieter Schiller hat dem jahrelangen Dr\u00e4ngen des Verlages nachgegeben und ein wunderbares Manuskript geliefert, welches sicher nicht bahnbrechend neue Erkenntnisse bringt, aber in seiner gr\u00fcndlichen und soliden Art vieles sehr genau und differenziert beleuchtet, was bisher nicht im Fokus gestanden hat. Und nun ist es endlich soweit: Das <a href=\"http:\/\/www.edition-schwarzdruck.de\/?portfolio=willi-muenzenberg-und-sein-umgang-mit-deutschen-intellektuellen\">Buch<\/a> ist da! Und kann auch gekauft werden &#8230; am Besten nat\u00fcrlich in unserem Shop: http:\/\/www.schwarzdruck-laden.de\/epages\/62465460.sf\/de_DE\/?ObjectPath=\/Shops\/62465460\/Products\/%22978-3-96611-015-0%20m\u00fcnzenberg%22<\/p>\n<p>Eine Buchpremiere findet aus bekannten Ggggr\u00fcnden nicht statt, wird aber hoffentlich im n\u00e4chsten Jahr nachgeholt.<\/p>\n","protected":false},"excerpt":{"rendered":"<p>ist einer der gro\u00dfen Helden vom Schwarzdrucker. Und auch wenn Willis Verlagsimperien ungleich gr\u00f6\u00dfer und bedeutender als die kleine Edition Schwarzdruck: es ist uns eine gro\u00dfe Freude, einen kleinen Beitrag zur M\u00fcnzenbergforschung und somit zur Bewahrung seines Andenkens leisten zu d\u00fcrfen. Dieter Schiller hat dem jahrelangen Dr\u00e4ngen des Verlages nachgegeben und ein wunderbares Manuskript geliefert, [&hellip;]<\/p>\n","protected":false},"author":2,"featured_media":0,"comment_status":"open","ping_status":"open","sticky":false,"template":"","format":"image","meta":[],"categories":[69,84],"tags":[211,190,147],"_links":{"self":[{"href":"http:\/\/www.edition-schwarzdruck.de\/index.php?rest_route=\/wp\/v2\/posts\/5618"}],"collection":[{"href":"http:\/\/www.edition-schwarzdruck.de\/index.php?rest_route=\/wp\/v2\/posts"}],"about":[{"href":"http:\/\/www.edition-schwarzdruck.de\/index.php?rest_route=\/wp\/v2\/types\/post"}],"author":[{"embeddable":true,"href":"http:\/\/www.edition-schwarzdruck.de\/index.php?rest_route=\/wp\/v2\/users\/2"}],"replies":[{"embeddable":true,"href":"http:\/\/www.edition-schwarzdruck.de\/index.php?rest_route=%2Fwp%2Fv2%2Fcomments&post=5618"}],"version-history":[{"count":1,"href":"http:\/\/www.edition-schwarzdruck.de\/index.php?rest_route=\/wp\/v2\/posts\/5618\/revisions"}],"predecessor-version":[{"id":5619,"href":"http:\/\/www.edition-schwarzdruck.de\/index.php?rest_route=\/wp\/v2\/posts\/5618\/revisions\/5619"}],"wp:attachment":[{"href":"http:\/\/www.edition-schwarzdruck.de\/index.php?rest_route=%2Fwp%2Fv2%2Fmedia&parent=5618"}],"wp:term":[{"taxonomy":"category","embeddable":true,"href":"http:\/\/www.edition-schwarzdruck.de\/index.php?rest_route=%2Fwp%2Fv2%2Fcategories&post=5618"},{"taxonomy":"post_tag","embeddable":true,"href":"http:\/\/www.edition-schwarzdruck.de\/index.php?rest_route=%2Fwp%2Fv2%2Ftags&post=5618"}],"curies":[{"name":"wp","href":"https:\/\/api.w.org\/{rel}","templated":true}]}}