{"id":5607,"date":"2021-09-02T18:39:25","date_gmt":"2021-09-02T16:39:25","guid":{"rendered":"http:\/\/www.edition-schwarzdruck.de\/?p=5607"},"modified":"2021-09-02T18:39:25","modified_gmt":"2021-09-02T16:39:25","slug":"naechstes-wochenende","status":"publish","type":"post","link":"http:\/\/www.edition-schwarzdruck.de\/?p=5607","title":{"rendered":"N\u00e4chstes Wochenende"},"content":{"rendered":"<p>turnt die Edition Schwarzdruck in Cottbus vor. Eine kleine, aber feine B\u00fcchermesse findet im ehemaligen Dieselkraftwerk und heutigen Kunstmuseum statt. Sonnabend und Sonntags nachmittags pr\u00e4sentieren wir mit netten Kollegen einige unserer B\u00fccher und Drucke und w\u00e4ren dabei nicht abgeneigt, auch das eine oder andere Exemplar zu verkaufen.<\/p>\n","protected":false},"excerpt":{"rendered":"<p>turnt die Edition Schwarzdruck in Cottbus vor. Eine kleine, aber feine B\u00fcchermesse findet im ehemaligen Dieselkraftwerk und heutigen Kunstmuseum statt. Sonnabend und Sonntags nachmittags pr\u00e4sentieren wir mit netten Kollegen einige unserer B\u00fccher und Drucke und w\u00e4ren dabei nicht abgeneigt, auch das eine oder andere Exemplar zu verkaufen.<\/p>\n","protected":false},"author":2,"featured_media":0,"comment_status":"open","ping_status":"open","sticky":false,"template":"","format":"image","meta":[],"categories":[49],"tags":[112,204],"_links":{"self":[{"href":"http:\/\/www.edition-schwarzdruck.de\/index.php?rest_route=\/wp\/v2\/posts\/5607"}],"collection":[{"href":"http:\/\/www.edition-schwarzdruck.de\/index.php?rest_route=\/wp\/v2\/posts"}],"about":[{"href":"http:\/\/www.edition-schwarzdruck.de\/index.php?rest_route=\/wp\/v2\/types\/post"}],"author":[{"embeddable":true,"href":"http:\/\/www.edition-schwarzdruck.de\/index.php?rest_route=\/wp\/v2\/users\/2"}],"replies":[{"embeddable":true,"href":"http:\/\/www.edition-schwarzdruck.de\/index.php?rest_route=%2Fwp%2Fv2%2Fcomments&post=5607"}],"version-history":[{"count":1,"href":"http:\/\/www.edition-schwarzdruck.de\/index.php?rest_route=\/wp\/v2\/posts\/5607\/revisions"}],"predecessor-version":[{"id":5608,"href":"http:\/\/www.edition-schwarzdruck.de\/index.php?rest_route=\/wp\/v2\/posts\/5607\/revisions\/5608"}],"wp:attachment":[{"href":"http:\/\/www.edition-schwarzdruck.de\/index.php?rest_route=%2Fwp%2Fv2%2Fmedia&parent=5607"}],"wp:term":[{"taxonomy":"category","embeddable":true,"href":"http:\/\/www.edition-schwarzdruck.de\/index.php?rest_route=%2Fwp%2Fv2%2Fcategories&post=5607"},{"taxonomy":"post_tag","embeddable":true,"href":"http:\/\/www.edition-schwarzdruck.de\/index.php?rest_route=%2Fwp%2Fv2%2Ftags&post=5607"}],"curies":[{"name":"wp","href":"https:\/\/api.w.org\/{rel}","templated":true}]}}