{"id":5562,"date":"2021-07-09T15:21:55","date_gmt":"2021-07-09T13:21:55","guid":{"rendered":"http:\/\/www.edition-schwarzdruck.de\/?p=5562"},"modified":"2021-07-09T15:21:55","modified_gmt":"2021-07-09T13:21:55","slug":"natuerlich-war-das-neue-buch","status":"publish","type":"post","link":"http:\/\/www.edition-schwarzdruck.de\/?p=5562","title":{"rendered":"Nat\u00fcrlich war das neue Buch"},"content":{"rendered":"<p>schon zum Jahrestag des deutschen \u00dcberfalls auf die Sowjetunion fertig. Aber mal wieder hat die Social-Media-Redaktion von Schwarzdruck versagt und die Verk\u00fcndung dieses Ereignisses erst heute hinbekommen. Nun also fertig und lieferbar und lesenswert: <a href=\"http:\/\/www.edition-schwarzdruck.de\/?portfolio=ost-erkundung-friedensbotschaft\">&#8222;Ost-Erkundung. Friedensbotschaft.&#8220;<\/a> Eine offizielle Buchpremiere ist derzeit nicht geplant, zumal die Herausgebergruppe auch einiges an eigenen Veranstaltungen plant und coronabedingt das \u00f6ffentlich zug\u00e4ngliche Wirken im Verlagshaus wohl erst im n\u00e4chsten Jahr &#8211; vielleicht &#8211; wieder ins Rollen kommt.<\/p>\n","protected":false},"excerpt":{"rendered":"<p>schon zum Jahrestag des deutschen \u00dcberfalls auf die Sowjetunion fertig. Aber mal wieder hat die Social-Media-Redaktion von Schwarzdruck versagt und die Verk\u00fcndung dieses Ereignisses erst heute hinbekommen. Nun also fertig und lieferbar und lesenswert: &#8222;Ost-Erkundung. Friedensbotschaft.&#8220; Eine offizielle Buchpremiere ist derzeit nicht geplant, zumal die Herausgebergruppe auch einiges an eigenen Veranstaltungen plant und coronabedingt das [&hellip;]<\/p>\n","protected":false},"author":2,"featured_media":0,"comment_status":"open","ping_status":"open","sticky":false,"template":"","format":"image","meta":[],"categories":[84,1],"tags":[219,147],"_links":{"self":[{"href":"http:\/\/www.edition-schwarzdruck.de\/index.php?rest_route=\/wp\/v2\/posts\/5562"}],"collection":[{"href":"http:\/\/www.edition-schwarzdruck.de\/index.php?rest_route=\/wp\/v2\/posts"}],"about":[{"href":"http:\/\/www.edition-schwarzdruck.de\/index.php?rest_route=\/wp\/v2\/types\/post"}],"author":[{"embeddable":true,"href":"http:\/\/www.edition-schwarzdruck.de\/index.php?rest_route=\/wp\/v2\/users\/2"}],"replies":[{"embeddable":true,"href":"http:\/\/www.edition-schwarzdruck.de\/index.php?rest_route=%2Fwp%2Fv2%2Fcomments&post=5562"}],"version-history":[{"count":2,"href":"http:\/\/www.edition-schwarzdruck.de\/index.php?rest_route=\/wp\/v2\/posts\/5562\/revisions"}],"predecessor-version":[{"id":5564,"href":"http:\/\/www.edition-schwarzdruck.de\/index.php?rest_route=\/wp\/v2\/posts\/5562\/revisions\/5564"}],"wp:attachment":[{"href":"http:\/\/www.edition-schwarzdruck.de\/index.php?rest_route=%2Fwp%2Fv2%2Fmedia&parent=5562"}],"wp:term":[{"taxonomy":"category","embeddable":true,"href":"http:\/\/www.edition-schwarzdruck.de\/index.php?rest_route=%2Fwp%2Fv2%2Fcategories&post=5562"},{"taxonomy":"post_tag","embeddable":true,"href":"http:\/\/www.edition-schwarzdruck.de\/index.php?rest_route=%2Fwp%2Fv2%2Ftags&post=5562"}],"curies":[{"name":"wp","href":"https:\/\/api.w.org\/{rel}","templated":true}]}}