{"id":5550,"date":"2021-06-01T21:08:36","date_gmt":"2021-06-01T19:08:36","guid":{"rendered":"http:\/\/www.edition-schwarzdruck.de\/?p=5550"},"modified":"2021-06-01T21:08:36","modified_gmt":"2021-06-01T19:08:36","slug":"wie-wir-erst-jetzt-erfahren-haben","status":"publish","type":"post","link":"http:\/\/www.edition-schwarzdruck.de\/?p=5550","title":{"rendered":"Wie wir erst jetzt erfahren haben,"},"content":{"rendered":"<p>ist unser hochgesch\u00e4tzter Autor Horst Haase nun schon vor einigen Wochen am 7. Mai verstorben. Er war ein flei\u00dfiger, seri\u00f6ser, solider, sachlicher und unerm\u00fcdlicher Arbeiter im Dienste der Literatur- und Kulturwissenschaft zum 20. Jahrhundert und speziell der DDR-Literatur. Wir und seine Kollegen werden ihn immer im ehrenden Andenken behalten.<\/p>\n","protected":false},"excerpt":{"rendered":"<p>ist unser hochgesch\u00e4tzter Autor Horst Haase nun schon vor einigen Wochen am 7. Mai verstorben. Er war ein flei\u00dfiger, seri\u00f6ser, solider, sachlicher und unerm\u00fcdlicher Arbeiter im Dienste der Literatur- und Kulturwissenschaft zum 20. Jahrhundert und speziell der DDR-Literatur. Wir und seine Kollegen werden ihn immer im ehrenden Andenken behalten.<\/p>\n","protected":false},"author":2,"featured_media":0,"comment_status":"open","ping_status":"open","sticky":false,"template":"","format":"image","meta":[],"categories":[1],"tags":[186,190,154,270],"_links":{"self":[{"href":"http:\/\/www.edition-schwarzdruck.de\/index.php?rest_route=\/wp\/v2\/posts\/5550"}],"collection":[{"href":"http:\/\/www.edition-schwarzdruck.de\/index.php?rest_route=\/wp\/v2\/posts"}],"about":[{"href":"http:\/\/www.edition-schwarzdruck.de\/index.php?rest_route=\/wp\/v2\/types\/post"}],"author":[{"embeddable":true,"href":"http:\/\/www.edition-schwarzdruck.de\/index.php?rest_route=\/wp\/v2\/users\/2"}],"replies":[{"embeddable":true,"href":"http:\/\/www.edition-schwarzdruck.de\/index.php?rest_route=%2Fwp%2Fv2%2Fcomments&post=5550"}],"version-history":[{"count":1,"href":"http:\/\/www.edition-schwarzdruck.de\/index.php?rest_route=\/wp\/v2\/posts\/5550\/revisions"}],"predecessor-version":[{"id":5551,"href":"http:\/\/www.edition-schwarzdruck.de\/index.php?rest_route=\/wp\/v2\/posts\/5550\/revisions\/5551"}],"wp:attachment":[{"href":"http:\/\/www.edition-schwarzdruck.de\/index.php?rest_route=%2Fwp%2Fv2%2Fmedia&parent=5550"}],"wp:term":[{"taxonomy":"category","embeddable":true,"href":"http:\/\/www.edition-schwarzdruck.de\/index.php?rest_route=%2Fwp%2Fv2%2Fcategories&post=5550"},{"taxonomy":"post_tag","embeddable":true,"href":"http:\/\/www.edition-schwarzdruck.de\/index.php?rest_route=%2Fwp%2Fv2%2Ftags&post=5550"}],"curies":[{"name":"wp","href":"https:\/\/api.w.org\/{rel}","templated":true}]}}