{"id":5540,"date":"2021-03-03T15:10:19","date_gmt":"2021-03-03T13:10:19","guid":{"rendered":"http:\/\/www.edition-schwarzdruck.de\/?p=5540"},"modified":"2021-03-03T15:10:19","modified_gmt":"2021-03-03T13:10:19","slug":"am-freitag-kinder-wirds-was-geben","status":"publish","type":"post","link":"http:\/\/www.edition-schwarzdruck.de\/?p=5540","title":{"rendered":"Am Freitag, Kinder, wirds was geben"},"content":{"rendered":"<p>&#8230; oder halt erst am Montag. Kommt das neue Heftchen mit &#8222;Literatur f\u00fcr die Westentasche&#8220; zum \u00dcberbr\u00fccken der stupiden Nachtwachen auf der Barrikade aus der Druckerei. Diesmal aber nicht mit Literatur, sondern dem Protokoll einer Diskussion &#8230; bleiben Sie gespannt!<\/p>\n","protected":false},"excerpt":{"rendered":"<p>&#8230; oder halt erst am Montag. Kommt das neue Heftchen mit &#8222;Literatur f\u00fcr die Westentasche&#8220; zum \u00dcberbr\u00fccken der stupiden Nachtwachen auf der Barrikade aus der Druckerei. Diesmal aber nicht mit Literatur, sondern dem Protokoll einer Diskussion &#8230; bleiben Sie gespannt!<\/p>\n","protected":false},"author":2,"featured_media":0,"comment_status":"open","ping_status":"open","sticky":false,"template":"","format":"image","meta":[],"categories":[84],"tags":[147],"_links":{"self":[{"href":"http:\/\/www.edition-schwarzdruck.de\/index.php?rest_route=\/wp\/v2\/posts\/5540"}],"collection":[{"href":"http:\/\/www.edition-schwarzdruck.de\/index.php?rest_route=\/wp\/v2\/posts"}],"about":[{"href":"http:\/\/www.edition-schwarzdruck.de\/index.php?rest_route=\/wp\/v2\/types\/post"}],"author":[{"embeddable":true,"href":"http:\/\/www.edition-schwarzdruck.de\/index.php?rest_route=\/wp\/v2\/users\/2"}],"replies":[{"embeddable":true,"href":"http:\/\/www.edition-schwarzdruck.de\/index.php?rest_route=%2Fwp%2Fv2%2Fcomments&post=5540"}],"version-history":[{"count":1,"href":"http:\/\/www.edition-schwarzdruck.de\/index.php?rest_route=\/wp\/v2\/posts\/5540\/revisions"}],"predecessor-version":[{"id":5541,"href":"http:\/\/www.edition-schwarzdruck.de\/index.php?rest_route=\/wp\/v2\/posts\/5540\/revisions\/5541"}],"wp:attachment":[{"href":"http:\/\/www.edition-schwarzdruck.de\/index.php?rest_route=%2Fwp%2Fv2%2Fmedia&parent=5540"}],"wp:term":[{"taxonomy":"category","embeddable":true,"href":"http:\/\/www.edition-schwarzdruck.de\/index.php?rest_route=%2Fwp%2Fv2%2Fcategories&post=5540"},{"taxonomy":"post_tag","embeddable":true,"href":"http:\/\/www.edition-schwarzdruck.de\/index.php?rest_route=%2Fwp%2Fv2%2Ftags&post=5540"}],"curies":[{"name":"wp","href":"https:\/\/api.w.org\/{rel}","templated":true}]}}