{"id":5507,"date":"2021-03-02T14:18:07","date_gmt":"2021-03-02T12:18:07","guid":{"rendered":"http:\/\/www.edition-schwarzdruck.de\/?p=5507"},"modified":"2021-03-02T14:18:07","modified_gmt":"2021-03-02T12:18:07","slug":"das-nd-hat-in","status":"publish","type":"post","link":"http:\/\/www.edition-schwarzdruck.de\/?p=5507","title":{"rendered":"Das &#8222;ND&#8220; hat in"},"content":{"rendered":"<p>seiner letzten Wochenendbeilage in lobenswerter Weise und sehr ausf\u00fchrlich auf einer ganzen Seite in Form einer Leseprobe auf unser zwar schon etwas \u00e4lteres, daf\u00fcr aber nat\u00fcrlich immer noch tolles Buch &#8222;Der letzte Sommer der Indianer&#8220; hingewiesen. Vielen herzlichen Dank daf\u00fcr!<\/p>\n","protected":false},"excerpt":{"rendered":"<p>seiner letzten Wochenendbeilage in lobenswerter Weise und sehr ausf\u00fchrlich auf einer ganzen Seite in Form einer Leseprobe auf unser zwar schon etwas \u00e4lteres, daf\u00fcr aber nat\u00fcrlich immer noch tolles Buch &#8222;Der letzte Sommer der Indianer&#8220; hingewiesen. Vielen herzlichen Dank daf\u00fcr!<\/p>\n","protected":false},"author":2,"featured_media":0,"comment_status":"open","ping_status":"open","sticky":false,"template":"","format":"image","meta":[],"categories":[260],"tags":[],"_links":{"self":[{"href":"http:\/\/www.edition-schwarzdruck.de\/index.php?rest_route=\/wp\/v2\/posts\/5507"}],"collection":[{"href":"http:\/\/www.edition-schwarzdruck.de\/index.php?rest_route=\/wp\/v2\/posts"}],"about":[{"href":"http:\/\/www.edition-schwarzdruck.de\/index.php?rest_route=\/wp\/v2\/types\/post"}],"author":[{"embeddable":true,"href":"http:\/\/www.edition-schwarzdruck.de\/index.php?rest_route=\/wp\/v2\/users\/2"}],"replies":[{"embeddable":true,"href":"http:\/\/www.edition-schwarzdruck.de\/index.php?rest_route=%2Fwp%2Fv2%2Fcomments&post=5507"}],"version-history":[{"count":1,"href":"http:\/\/www.edition-schwarzdruck.de\/index.php?rest_route=\/wp\/v2\/posts\/5507\/revisions"}],"predecessor-version":[{"id":5508,"href":"http:\/\/www.edition-schwarzdruck.de\/index.php?rest_route=\/wp\/v2\/posts\/5507\/revisions\/5508"}],"wp:attachment":[{"href":"http:\/\/www.edition-schwarzdruck.de\/index.php?rest_route=%2Fwp%2Fv2%2Fmedia&parent=5507"}],"wp:term":[{"taxonomy":"category","embeddable":true,"href":"http:\/\/www.edition-schwarzdruck.de\/index.php?rest_route=%2Fwp%2Fv2%2Fcategories&post=5507"},{"taxonomy":"post_tag","embeddable":true,"href":"http:\/\/www.edition-schwarzdruck.de\/index.php?rest_route=%2Fwp%2Fv2%2Ftags&post=5507"}],"curies":[{"name":"wp","href":"https:\/\/api.w.org\/{rel}","templated":true}]}}