{"id":5400,"date":"2020-12-04T18:22:38","date_gmt":"2020-12-04T16:22:38","guid":{"rendered":"http:\/\/www.edition-schwarzdruck.de\/?p=5400"},"modified":"2020-12-04T18:24:01","modified_gmt":"2020-12-04T16:24:01","slug":"und-noch-einer","status":"publish","type":"post","link":"http:\/\/www.edition-schwarzdruck.de\/?p=5400","title":{"rendered":"Und leider noch einer &#8230;"},"content":{"rendered":"<p>Soeben erreichte uns die Mitteilung, dass nun auch unser hochverehrter Kollege und Freund Werner Hiebel (officin albis) gestorben ist. Das ersch\u00fcttert umso mehr, weil wir erst vor ein paar Tagen miteinander geredet hatten und die Fertigstellung des neuen Widerdruckkalenders mit seinem (nun leider letzten) Blatt telefonisch gefeiert hatten.<br \/>\nWerner war ein feiner Mensch, ein sehr feinsinniger und ungeheuer kenntnisreicher Typograph, ein unerh\u00f6rt sorgf\u00e4ltiger Drucker, ein zuverl\u00e4ssiger Freund mit Humor, Ehre und Anstand. Ein Mann des in jeder Hinsicht richtig gut gemachten Buches &#8211; mit wichtigen und interessanten Texten. &#8222;Jungs wie ihn&#8220; gibts wirklich nicht alle Tage. Jetzt noch seltener.<\/p>\n<p>Er wird uns sehr fehlen. Seine Drucke und B\u00fccher bleiben.<\/p>\n","protected":false},"excerpt":{"rendered":"<p>Soeben erreichte uns die Mitteilung, dass nun auch unser hochverehrter Kollege und Freund Werner Hiebel (officin albis) gestorben ist. Das ersch\u00fcttert umso mehr, weil wir erst vor ein paar Tagen miteinander geredet hatten und die Fertigstellung des neuen Widerdruckkalenders mit seinem (nun leider letzten) Blatt telefonisch gefeiert hatten. Werner war ein feiner Mensch, ein sehr [&hellip;]<\/p>\n","protected":false},"author":2,"featured_media":0,"comment_status":"open","ping_status":"open","sticky":false,"template":"","format":"image","meta":[],"categories":[69,50],"tags":[154,270],"_links":{"self":[{"href":"http:\/\/www.edition-schwarzdruck.de\/index.php?rest_route=\/wp\/v2\/posts\/5400"}],"collection":[{"href":"http:\/\/www.edition-schwarzdruck.de\/index.php?rest_route=\/wp\/v2\/posts"}],"about":[{"href":"http:\/\/www.edition-schwarzdruck.de\/index.php?rest_route=\/wp\/v2\/types\/post"}],"author":[{"embeddable":true,"href":"http:\/\/www.edition-schwarzdruck.de\/index.php?rest_route=\/wp\/v2\/users\/2"}],"replies":[{"embeddable":true,"href":"http:\/\/www.edition-schwarzdruck.de\/index.php?rest_route=%2Fwp%2Fv2%2Fcomments&post=5400"}],"version-history":[{"count":2,"href":"http:\/\/www.edition-schwarzdruck.de\/index.php?rest_route=\/wp\/v2\/posts\/5400\/revisions"}],"predecessor-version":[{"id":5403,"href":"http:\/\/www.edition-schwarzdruck.de\/index.php?rest_route=\/wp\/v2\/posts\/5400\/revisions\/5403"}],"wp:attachment":[{"href":"http:\/\/www.edition-schwarzdruck.de\/index.php?rest_route=%2Fwp%2Fv2%2Fmedia&parent=5400"}],"wp:term":[{"taxonomy":"category","embeddable":true,"href":"http:\/\/www.edition-schwarzdruck.de\/index.php?rest_route=%2Fwp%2Fv2%2Fcategories&post=5400"},{"taxonomy":"post_tag","embeddable":true,"href":"http:\/\/www.edition-schwarzdruck.de\/index.php?rest_route=%2Fwp%2Fv2%2Ftags&post=5400"}],"curies":[{"name":"wp","href":"https:\/\/api.w.org\/{rel}","templated":true}]}}