{"id":5392,"date":"2020-11-30T22:02:26","date_gmt":"2020-11-30T20:02:26","guid":{"rendered":"http:\/\/www.edition-schwarzdruck.de\/?p=5392"},"modified":"2020-11-30T22:02:26","modified_gmt":"2020-11-30T20:02:26","slug":"schon-wieder-noch-einer","status":"publish","type":"post","link":"http:\/\/www.edition-schwarzdruck.de\/?p=5392","title":{"rendered":"Schon wieder. Noch einer"},"content":{"rendered":"<p>der wirklich Gro\u00dfen ist gestorben. Nicht einmal mitbekommen haben wir es. Josua Reichert, eines der ganz gro\u00dfen Idole vom Schwarzdrucker, ist Ende Oktober gestorben. Und auch wenn ihn nicht viele kennen, in k\u00fcnstlerisch ambitionierten Druckerkreisen ist er eine ganz gro\u00dfe Figur, ein Anreger und der Vater der &#8222;Poesia Typographica&#8220;. Auch wenn der Schwarzdrucker ihn nicht pers\u00f6nlich gekannt hatte &#8211; es war ein gutes Gef\u00fchl diesen Kollegen auf derselben Welt wirken zu wissen. Die ohne ihn wieder ein bisschen \u00e4rmer ist. Aber seine Werke werden bleiben. Und hoffentlich weiter anregen. Vor allem j\u00fcngere Kollegen sollten ihn sp\u00e4testens jetzt entdecken.<\/p>\n","protected":false},"excerpt":{"rendered":"<p>der wirklich Gro\u00dfen ist gestorben. Nicht einmal mitbekommen haben wir es. Josua Reichert, eines der ganz gro\u00dfen Idole vom Schwarzdrucker, ist Ende Oktober gestorben. Und auch wenn ihn nicht viele kennen, in k\u00fcnstlerisch ambitionierten Druckerkreisen ist er eine ganz gro\u00dfe Figur, ein Anreger und der Vater der &#8222;Poesia Typographica&#8220;. Auch wenn der Schwarzdrucker ihn nicht [&hellip;]<\/p>\n","protected":false},"author":2,"featured_media":0,"comment_status":"open","ping_status":"open","sticky":false,"template":"","format":"image","meta":[],"categories":[69,50],"tags":[143,105,270,119],"_links":{"self":[{"href":"http:\/\/www.edition-schwarzdruck.de\/index.php?rest_route=\/wp\/v2\/posts\/5392"}],"collection":[{"href":"http:\/\/www.edition-schwarzdruck.de\/index.php?rest_route=\/wp\/v2\/posts"}],"about":[{"href":"http:\/\/www.edition-schwarzdruck.de\/index.php?rest_route=\/wp\/v2\/types\/post"}],"author":[{"embeddable":true,"href":"http:\/\/www.edition-schwarzdruck.de\/index.php?rest_route=\/wp\/v2\/users\/2"}],"replies":[{"embeddable":true,"href":"http:\/\/www.edition-schwarzdruck.de\/index.php?rest_route=%2Fwp%2Fv2%2Fcomments&post=5392"}],"version-history":[{"count":2,"href":"http:\/\/www.edition-schwarzdruck.de\/index.php?rest_route=\/wp\/v2\/posts\/5392\/revisions"}],"predecessor-version":[{"id":5395,"href":"http:\/\/www.edition-schwarzdruck.de\/index.php?rest_route=\/wp\/v2\/posts\/5392\/revisions\/5395"}],"wp:attachment":[{"href":"http:\/\/www.edition-schwarzdruck.de\/index.php?rest_route=%2Fwp%2Fv2%2Fmedia&parent=5392"}],"wp:term":[{"taxonomy":"category","embeddable":true,"href":"http:\/\/www.edition-schwarzdruck.de\/index.php?rest_route=%2Fwp%2Fv2%2Fcategories&post=5392"},{"taxonomy":"post_tag","embeddable":true,"href":"http:\/\/www.edition-schwarzdruck.de\/index.php?rest_route=%2Fwp%2Fv2%2Ftags&post=5392"}],"curies":[{"name":"wp","href":"https:\/\/api.w.org\/{rel}","templated":true}]}}