{"id":5382,"date":"2020-11-26T17:39:27","date_gmt":"2020-11-26T15:39:27","guid":{"rendered":"http:\/\/www.edition-schwarzdruck.de\/?p=5382"},"modified":"2020-11-26T17:41:03","modified_gmt":"2020-11-26T15:41:03","slug":"der-neue-widerdruckkalender-ist-fertig","status":"publish","type":"post","link":"http:\/\/www.edition-schwarzdruck.de\/?p=5382","title":{"rendered":"Der neue Widerdruckkalender ist fertig"},"content":{"rendered":"<p>und kann nun auch <a href=\"http:\/\/www.schwarzdruck-laden.de\/epages\/62465460.sf\/de_DE\/?ObjectPath=\/Shops\/62465460\/Products\/Widerdruck2021\">hier<\/a> k\u00e4uflich erworben werden.<div id=\"metaslider-id-5368\" style=\"width: 100%; margin: 0 auto;\" class=\"ml-slider-3-28-3 metaslider metaslider-flex metaslider-5368 ml-slider\">\n    <div id=\"metaslider_container_5368\">\n        <div id=\"metaslider_5368\">\n            <ul aria-live=\"polite\" class=\"slides\">\n                <li style=\"display: none; width: 100%;\" class=\"slide-5369 ms-image\"><img src=\"http:\/\/www.edition-schwarzdruck.de\/wp-content\/uploads\/2020\/11\/web-1titel-DSCF3668-250x1000.jpg\" height=\"1000\" width=\"250\" alt=\"\" class=\"slider-5368 slide-5369\" title=\"web-1titel-DSCF3668\" \/><\/li>\n                <li style=\"display: none; width: 100%;\" class=\"slide-5370 ms-image\"><img src=\"http:\/\/www.edition-schwarzdruck.de\/wp-content\/uploads\/2020\/11\/web-2-jan-DSCF3650-250x1000.jpg\" height=\"1000\" width=\"250\" alt=\"\" class=\"slider-5368 slide-5370\" title=\"web-2-jan-DSCF3650\" \/><div class=\"caption-wrap\"><div class=\"caption\">Oskar Bernhard<\/div><\/div><\/li>\n                <li style=\"display: none; width: 100%;\" class=\"slide-5371 ms-image\"><img src=\"http:\/\/www.edition-schwarzdruck.de\/wp-content\/uploads\/2020\/11\/web-3-febr-DSCF3651-250x1000.jpg\" height=\"1000\" width=\"250\" alt=\"\" class=\"slider-5368 slide-5371\" title=\"web-3-febr-DSCF3651\" \/><div class=\"caption-wrap\"><div class=\"caption\">Daniel Kunz<\/div><\/div><\/li>\n                <li style=\"display: none; width: 100%;\" class=\"slide-5372 ms-image\"><img src=\"http:\/\/www.edition-schwarzdruck.de\/wp-content\/uploads\/2020\/11\/web-4-maerz-DSCF3652-250x1000.jpg\" height=\"1000\" width=\"250\" alt=\"\" class=\"slider-5368 slide-5372\" title=\"web-4-maerz-DSCF3652\" \/><div class=\"caption-wrap\"><div class=\"caption\">Thomas Siemon<\/div><\/div><\/li>\n                <li style=\"display: none; width: 100%;\" class=\"slide-5373 ms-image\"><img src=\"http:\/\/www.edition-schwarzdruck.de\/wp-content\/uploads\/2020\/11\/web-5-apr-DSCF3654-250x1000.jpg\" height=\"1000\" width=\"250\" alt=\"\" class=\"slider-5368 slide-5373\" title=\"web-5-apr-DSCF3654\" \/><div class=\"caption-wrap\"><div class=\"caption\">Annegret Frauenlob<\/div><\/div><\/li>\n                <li style=\"display: none; width: 100%;\" class=\"slide-5374 ms-image\"><img src=\"http:\/\/www.edition-schwarzdruck.de\/wp-content\/uploads\/2020\/11\/web-6-mai-DSCF3656-250x1000.jpg\" height=\"1000\" width=\"250\" alt=\"\" class=\"slider-5368 slide-5374\" title=\"web-6-mai-DSCF3656\" \/><div class=\"caption-wrap\"><div class=\"caption\">Birgit Reichert<\/div><\/div><\/li>\n                <li style=\"display: none; width: 100%;\" class=\"slide-5375 ms-image\"><img src=\"http:\/\/www.edition-schwarzdruck.de\/wp-content\/uploads\/2020\/11\/web-7-juni-DSCF3657-250x1000.jpg\" height=\"1000\" width=\"250\" alt=\"\" class=\"slider-5368 slide-5375\" title=\"web-7-juni-DSCF3657\" \/><div class=\"caption-wrap\"><div class=\"caption\">Werner Hiebel<\/div><\/div><\/li>\n                <li style=\"display: none; width: 100%;\" class=\"slide-5376 ms-image\"><img src=\"http:\/\/www.edition-schwarzdruck.de\/wp-content\/uploads\/2020\/11\/web-8-juli-DSCF3658-250x1000.jpg\" height=\"1000\" width=\"250\" alt=\"\" class=\"slider-5368 slide-5376\" title=\"web-8-juli-DSCF3658\" \/><div class=\"caption-wrap\"><div class=\"caption\">Annette Vogel<\/div><\/div><\/li>\n                <li style=\"display: none; width: 100%;\" class=\"slide-5377 ms-image\"><img src=\"http:\/\/www.edition-schwarzdruck.de\/wp-content\/uploads\/2020\/11\/web-9-aug-DSCF3659-250x1000.jpg\" height=\"1000\" width=\"250\" alt=\"\" class=\"slider-5368 slide-5377\" title=\"web-9-aug-DSCF3659\" \/><\/li>\n                <li style=\"display: none; width: 100%;\" class=\"slide-5378 ms-image\"><img src=\"http:\/\/www.edition-schwarzdruck.de\/wp-content\/uploads\/2020\/11\/web-10-sept-DSCF3661-250x1000.jpg\" height=\"1000\" width=\"250\" alt=\"\" class=\"slider-5368 slide-5378\" title=\"web-10-sept-DSCF3661\" \/><\/li>\n                <li style=\"display: none; width: 100%;\" class=\"slide-5379 ms-image\"><img src=\"http:\/\/www.edition-schwarzdruck.de\/wp-content\/uploads\/2020\/11\/web-11okt-DSCF3663-250x1000.jpg\" height=\"1000\" width=\"250\" alt=\"\" class=\"slider-5368 slide-5379\" title=\"web-11okt-DSCF3663\" \/><div class=\"caption-wrap\"><div class=\"caption\">Stephane de Schrevel<\/div><\/div><\/li>\n                <li style=\"display: none; width: 100%;\" class=\"slide-5380 ms-image\"><img src=\"http:\/\/www.edition-schwarzdruck.de\/wp-content\/uploads\/2020\/11\/web-12nov-DSCF3665-250x1000.jpg\" height=\"1000\" width=\"250\" alt=\"\" class=\"slider-5368 slide-5380\" title=\"web-12nov-DSCF3665\" \/><div class=\"caption-wrap\"><div class=\"caption\">J\u00fcrgen Meyer Jurkowski<\/div><\/div><\/li>\n                <li style=\"display: none; width: 100%;\" class=\"slide-5381 ms-image\"><img src=\"http:\/\/www.edition-schwarzdruck.de\/wp-content\/uploads\/2020\/11\/web-13dez-DSCF3667-250x1000.jpg\" height=\"1000\" width=\"250\" alt=\"\" class=\"slider-5368 slide-5381\" title=\"web-13dez-DSCF3667\" \/><div class=\"caption-wrap\"><div class=\"caption\">Julienne Jattiot\n<\/div><\/div><\/li>\n            <\/ul>\n        <\/div>\n        \n    <\/div>\n<\/div><\/p>\n<p>Der Kalender ist zwar &#8211; wegen verschiedener innerbetrieblicher Schwierigkeiten im Krisenjahr &#8211; recht sp\u00e4t, nun aber doch noch rechtzeitig fertig geworden. Thema ist diesmal das Zitat von Mark Twain: \u201eNichts bedarf dringender der Ver\u00e4nderung als die Angewohnheiten anderer Leute\u201c. Die treffende beschreibung des entscheidenden Webfehlers bei der Erschaffung des Menschen &#8230;<\/p>\n<p>Das wundersch\u00f6ne Thema im 111. Todesjahr des Meisters haben original(typo)grafisch bearbeitet: Oskar Bernhard (Rehlensche Handpresse N\u00f6rdlingen &#8211; Januar), Daniel Kunz (Basel &#8211; Februar), Thomas Siemon (Carpe plumbum, Leipzig &#8211; M\u00e4rz), Annegret Frauenlob (Halle &#8211; April), Birgit Reichert (Sonnenbergpresse Chemnitz &#8211; Mai), Werner Hiebel (Officin albis, Garching &#8211;\u00a0Juni), Annette Vogel (Vogelpresse, M\u00fcnchen &#8211;\u00a0Juli), Machtelt van Thiel und Anna Houwen (Amsterdam &#8211; August), Werner Enke (Harrisfeldwegpresse, Schweinfurt &#8211; September), Stephane de Schrevel (Gent &#8211; Oktober), J\u00fcrgen Meyer Jurkowski (Hamburg &#8211; November) und\u00a0Julienne Jattiot\u00a0(Leipzig &#8211;\u00a0Dezember).<\/p>\n<p>Es wurden wie immer 100 Exemplare im Format von 58 x 21 cm gefertigt, von denen allerdings die meisten nicht in den Handel kommen. Solange der Vorrat reicht, k\u00f6nnen Verkaufsexemplare zu Preis von 80 Euro in unserem Shop geordert werden.\u00a0Das Holz ringsum die Bl\u00e4tter ist \u00fcbrigens unser frischgefegter Werkstattboden &#8230;<\/p>\n<div><\/div>\n","protected":false},"excerpt":{"rendered":"<p>und kann nun auch hier k\u00e4uflich erworben werden. Der Kalender ist zwar &#8211; wegen verschiedener innerbetrieblicher Schwierigkeiten im Krisenjahr &#8211; recht sp\u00e4t, nun aber doch noch rechtzeitig fertig geworden. Thema ist diesmal das Zitat von Mark Twain: \u201eNichts bedarf dringender der Ver\u00e4nderung als die Angewohnheiten anderer Leute\u201c. Die treffende beschreibung des entscheidenden Webfehlers bei der [&hellip;]<\/p>\n","protected":false},"author":2,"featured_media":0,"comment_status":"open","ping_status":"open","sticky":false,"template":"","format":"standard","meta":[],"categories":[84,1],"tags":[143,105,147,183],"_links":{"self":[{"href":"http:\/\/www.edition-schwarzdruck.de\/index.php?rest_route=\/wp\/v2\/posts\/5382"}],"collection":[{"href":"http:\/\/www.edition-schwarzdruck.de\/index.php?rest_route=\/wp\/v2\/posts"}],"about":[{"href":"http:\/\/www.edition-schwarzdruck.de\/index.php?rest_route=\/wp\/v2\/types\/post"}],"author":[{"embeddable":true,"href":"http:\/\/www.edition-schwarzdruck.de\/index.php?rest_route=\/wp\/v2\/users\/2"}],"replies":[{"embeddable":true,"href":"http:\/\/www.edition-schwarzdruck.de\/index.php?rest_route=%2Fwp%2Fv2%2Fcomments&post=5382"}],"version-history":[{"count":3,"href":"http:\/\/www.edition-schwarzdruck.de\/index.php?rest_route=\/wp\/v2\/posts\/5382\/revisions"}],"predecessor-version":[{"id":5385,"href":"http:\/\/www.edition-schwarzdruck.de\/index.php?rest_route=\/wp\/v2\/posts\/5382\/revisions\/5385"}],"wp:attachment":[{"href":"http:\/\/www.edition-schwarzdruck.de\/index.php?rest_route=%2Fwp%2Fv2%2Fmedia&parent=5382"}],"wp:term":[{"taxonomy":"category","embeddable":true,"href":"http:\/\/www.edition-schwarzdruck.de\/index.php?rest_route=%2Fwp%2Fv2%2Fcategories&post=5382"},{"taxonomy":"post_tag","embeddable":true,"href":"http:\/\/www.edition-schwarzdruck.de\/index.php?rest_route=%2Fwp%2Fv2%2Ftags&post=5382"}],"curies":[{"name":"wp","href":"https:\/\/api.w.org\/{rel}","templated":true}]}}