{"id":5330,"date":"2020-11-03T19:28:42","date_gmt":"2020-11-03T17:28:42","guid":{"rendered":"http:\/\/www.edition-schwarzdruck.de\/?p=5330"},"modified":"2020-11-03T19:34:27","modified_gmt":"2020-11-03T17:34:27","slug":"das-kollektiv-des-veb-schwarzdruck","status":"publish","type":"post","link":"http:\/\/www.edition-schwarzdruck.de\/?p=5330","title":{"rendered":"Das Kollektiv des VEB Schwarzdruck"},"content":{"rendered":"<p>unterst\u00fctzt selbstverst\u00e4ndlich die Ma\u00dfnahmen der Partei- und Staatsf\u00fchrung zum Schutz vor b\u00f6sartigen Viren und arbeitet ab sofort nicht nur mit Maske und Hut, sondern auch noch mit Schutzbrille. Als zus\u00e4tzliche freiwillige Selbstverpflichtung gelobte das Kollektiv:<\/p>\n<p>1. Die gerade im Rahmen von Coronaevakuierungsma\u00dfnahmen hier weilende hochgesch\u00e4tzte italienische Genossin durch sozialistische Hilfe in jeder nur denkbaren Art zu unterst\u00fctzen.<\/p>\n<p>2. Das Brigadetagebuch noch besser als bisher zu f\u00fchren und endlich wieder zur Stimmungsaufhellung der Bev\u00f6lkerung durch hochwertige musikalische Hinweise im Blog beizutragen.<\/p>\n<p>3. Die planm\u00e4\u00dfige Fertigstellung aller terminierten Projekte auch unter den schwierigen heutigen Bedingungen zu gew\u00e4hrleisten.<\/p>\n<p>4. Den Titel &#8222;Kollektiv der Deutsch-russischen Freundschaft&#8220; mit aller Kraft zu verteidigen.<\/p>\n<p>&nbsp;<\/p>\n<p>(Foto: F. Colonia)<\/p>\n<p>&nbsp;<\/p>\n","protected":false},"excerpt":{"rendered":"<p>unterst\u00fctzt selbstverst\u00e4ndlich die Ma\u00dfnahmen der Partei- und Staatsf\u00fchrung zum Schutz vor b\u00f6sartigen Viren und arbeitet ab sofort nicht nur mit Maske und Hut, sondern auch noch mit Schutzbrille. Als zus\u00e4tzliche freiwillige Selbstverpflichtung gelobte das Kollektiv: 1. Die gerade im Rahmen von Coronaevakuierungsma\u00dfnahmen hier weilende hochgesch\u00e4tzte italienische Genossin durch sozialistische Hilfe in jeder nur denkbaren Art [&hellip;]<\/p>\n","protected":false},"author":2,"featured_media":0,"comment_status":"open","ping_status":"open","sticky":false,"template":"","format":"image","meta":[],"categories":[1,64],"tags":[217],"_links":{"self":[{"href":"http:\/\/www.edition-schwarzdruck.de\/index.php?rest_route=\/wp\/v2\/posts\/5330"}],"collection":[{"href":"http:\/\/www.edition-schwarzdruck.de\/index.php?rest_route=\/wp\/v2\/posts"}],"about":[{"href":"http:\/\/www.edition-schwarzdruck.de\/index.php?rest_route=\/wp\/v2\/types\/post"}],"author":[{"embeddable":true,"href":"http:\/\/www.edition-schwarzdruck.de\/index.php?rest_route=\/wp\/v2\/users\/2"}],"replies":[{"embeddable":true,"href":"http:\/\/www.edition-schwarzdruck.de\/index.php?rest_route=%2Fwp%2Fv2%2Fcomments&post=5330"}],"version-history":[{"count":5,"href":"http:\/\/www.edition-schwarzdruck.de\/index.php?rest_route=\/wp\/v2\/posts\/5330\/revisions"}],"predecessor-version":[{"id":5336,"href":"http:\/\/www.edition-schwarzdruck.de\/index.php?rest_route=\/wp\/v2\/posts\/5330\/revisions\/5336"}],"wp:attachment":[{"href":"http:\/\/www.edition-schwarzdruck.de\/index.php?rest_route=%2Fwp%2Fv2%2Fmedia&parent=5330"}],"wp:term":[{"taxonomy":"category","embeddable":true,"href":"http:\/\/www.edition-schwarzdruck.de\/index.php?rest_route=%2Fwp%2Fv2%2Fcategories&post=5330"},{"taxonomy":"post_tag","embeddable":true,"href":"http:\/\/www.edition-schwarzdruck.de\/index.php?rest_route=%2Fwp%2Fv2%2Ftags&post=5330"}],"curies":[{"name":"wp","href":"https:\/\/api.w.org\/{rel}","templated":true}]}}