{"id":5326,"date":"2020-10-31T15:07:42","date_gmt":"2020-10-31T13:07:42","guid":{"rendered":"http:\/\/www.edition-schwarzdruck.de\/?p=5326"},"modified":"2020-10-31T15:14:10","modified_gmt":"2020-10-31T13:14:10","slug":"nun-ist-auch-die-lange-angekuendigte","status":"publish","type":"post","link":"http:\/\/www.edition-schwarzdruck.de\/?p=5326","title":{"rendered":"Nun ist auch die lange angek\u00fcndigte"},"content":{"rendered":"<p>Rezension zu Stefan K\u00f6rbels Roman in der &#8222;UZ&#8220; erschienen. Sehr sch\u00f6n, sehr ausf\u00fchrlich, sehr fundiert. Danke! Auch wenn hier normalerweise keine Bezahlseiten verlinkt werden, machen wir diesmal doch eine Ausnahme &#8211; wen es also interessiert und wer 49 Cent f\u00fcr diese Zeitung als eine der wenigen Ausnahmen im deutschen Presseeinheitsbrei \u00fcbrig hat: <a href=\"https:\/\/www.unsere-zeit.de\/auch-diese-deutsche-einheit-scheitert-137042\/#more-137042\">https:\/\/www.unsere-zeit.de\/auch-diese-deutsche-einheit-scheitert-137042\/#more-137042<\/a><\/p>\n","protected":false},"excerpt":{"rendered":"<p>Rezension zu Stefan K\u00f6rbels Roman in der &#8222;UZ&#8220; erschienen. Sehr sch\u00f6n, sehr ausf\u00fchrlich, sehr fundiert. Danke! Auch wenn hier normalerweise keine Bezahlseiten verlinkt werden, machen wir diesmal doch eine Ausnahme &#8211; wen es also interessiert und wer 49 Cent f\u00fcr diese Zeitung als eine der wenigen Ausnahmen im deutschen Presseeinheitsbrei \u00fcbrig hat: https:\/\/www.unsere-zeit.de\/auch-diese-deutsche-einheit-scheitert-137042\/#more-137042<\/p>\n","protected":false},"author":2,"featured_media":0,"comment_status":"open","ping_status":"open","sticky":false,"template":"","format":"image","meta":[],"categories":[260],"tags":[247,222],"_links":{"self":[{"href":"http:\/\/www.edition-schwarzdruck.de\/index.php?rest_route=\/wp\/v2\/posts\/5326"}],"collection":[{"href":"http:\/\/www.edition-schwarzdruck.de\/index.php?rest_route=\/wp\/v2\/posts"}],"about":[{"href":"http:\/\/www.edition-schwarzdruck.de\/index.php?rest_route=\/wp\/v2\/types\/post"}],"author":[{"embeddable":true,"href":"http:\/\/www.edition-schwarzdruck.de\/index.php?rest_route=\/wp\/v2\/users\/2"}],"replies":[{"embeddable":true,"href":"http:\/\/www.edition-schwarzdruck.de\/index.php?rest_route=%2Fwp%2Fv2%2Fcomments&post=5326"}],"version-history":[{"count":3,"href":"http:\/\/www.edition-schwarzdruck.de\/index.php?rest_route=\/wp\/v2\/posts\/5326\/revisions"}],"predecessor-version":[{"id":5329,"href":"http:\/\/www.edition-schwarzdruck.de\/index.php?rest_route=\/wp\/v2\/posts\/5326\/revisions\/5329"}],"wp:attachment":[{"href":"http:\/\/www.edition-schwarzdruck.de\/index.php?rest_route=%2Fwp%2Fv2%2Fmedia&parent=5326"}],"wp:term":[{"taxonomy":"category","embeddable":true,"href":"http:\/\/www.edition-schwarzdruck.de\/index.php?rest_route=%2Fwp%2Fv2%2Fcategories&post=5326"},{"taxonomy":"post_tag","embeddable":true,"href":"http:\/\/www.edition-schwarzdruck.de\/index.php?rest_route=%2Fwp%2Fv2%2Ftags&post=5326"}],"curies":[{"name":"wp","href":"https:\/\/api.w.org\/{rel}","templated":true}]}}