{"id":5308,"date":"2020-10-13T11:16:48","date_gmt":"2020-10-13T09:16:48","guid":{"rendered":"http:\/\/www.edition-schwarzdruck.de\/?p=5308"},"modified":"2020-10-13T11:49:44","modified_gmt":"2020-10-13T09:49:44","slug":"lpw-in-kleiner-besetzung","status":"publish","type":"post","link":"http:\/\/www.edition-schwarzdruck.de\/?p=5308","title":{"rendered":"LPW in kleiner Besetzung"},"content":{"rendered":"<p>waren in Leipzig. Anl\u00e4\u00dflich unserer Ausstellung im Leipziger Museum f\u00fcr Druckkunst in der Nonnenstra\u00dfe fand ein sehr sch\u00f6nes Arbeitstreffen ebenfalls im Museum statt. Wejens Corona wurde es zwar ein eher deutsch-italienisches Treffen mit japanischen und belgischen Tupfern (weil die eingeladenen Briten, Holl\u00e4nder und Belgier nicht kommen konnten), es war aber trotzdem sehr sch\u00f6n und erstaunlich produktiv waren wir obendrein. Es artete geradezu in Arbeit aus!<br \/>\nHerzlichen Dank an das Museum und seine Mitarbeiter (vor allem an Clara und Thomas!) f\u00fcr die nette Gastfreundschaft. Die Ausstellung ist noch bis zum 15. November zu sehen und zeigt Arbeiten, die auf den LPW-Treffen in Mailand in den letzten Jahren entstanden sind und zus\u00e4tzlich Drucke der beteiligten Kollegen &#8230; sehr interessant und erstmalig in Deutschland zu sehen. Wer kann, sollte unbedingt hingehen und Blicke werfen.<\/p>\n","protected":false},"excerpt":{"rendered":"<p>waren in Leipzig. Anl\u00e4\u00dflich unserer Ausstellung im Leipziger Museum f\u00fcr Druckkunst in der Nonnenstra\u00dfe fand ein sehr sch\u00f6nes Arbeitstreffen ebenfalls im Museum statt. Wejens Corona wurde es zwar ein eher deutsch-italienisches Treffen mit japanischen und belgischen Tupfern (weil die eingeladenen Briten, Holl\u00e4nder und Belgier nicht kommen konnten), es war aber trotzdem sehr sch\u00f6n und erstaunlich [&hellip;]<\/p>\n","protected":false},"author":2,"featured_media":0,"comment_status":"open","ping_status":"open","sticky":false,"template":"","format":"image","meta":[],"categories":[1],"tags":[112,181,105,109],"_links":{"self":[{"href":"http:\/\/www.edition-schwarzdruck.de\/index.php?rest_route=\/wp\/v2\/posts\/5308"}],"collection":[{"href":"http:\/\/www.edition-schwarzdruck.de\/index.php?rest_route=\/wp\/v2\/posts"}],"about":[{"href":"http:\/\/www.edition-schwarzdruck.de\/index.php?rest_route=\/wp\/v2\/types\/post"}],"author":[{"embeddable":true,"href":"http:\/\/www.edition-schwarzdruck.de\/index.php?rest_route=\/wp\/v2\/users\/2"}],"replies":[{"embeddable":true,"href":"http:\/\/www.edition-schwarzdruck.de\/index.php?rest_route=%2Fwp%2Fv2%2Fcomments&post=5308"}],"version-history":[{"count":3,"href":"http:\/\/www.edition-schwarzdruck.de\/index.php?rest_route=\/wp\/v2\/posts\/5308\/revisions"}],"predecessor-version":[{"id":5312,"href":"http:\/\/www.edition-schwarzdruck.de\/index.php?rest_route=\/wp\/v2\/posts\/5308\/revisions\/5312"}],"wp:attachment":[{"href":"http:\/\/www.edition-schwarzdruck.de\/index.php?rest_route=%2Fwp%2Fv2%2Fmedia&parent=5308"}],"wp:term":[{"taxonomy":"category","embeddable":true,"href":"http:\/\/www.edition-schwarzdruck.de\/index.php?rest_route=%2Fwp%2Fv2%2Fcategories&post=5308"},{"taxonomy":"post_tag","embeddable":true,"href":"http:\/\/www.edition-schwarzdruck.de\/index.php?rest_route=%2Fwp%2Fv2%2Ftags&post=5308"}],"curies":[{"name":"wp","href":"https:\/\/api.w.org\/{rel}","templated":true}]}}