{"id":5283,"date":"2020-09-15T00:35:31","date_gmt":"2020-09-14T22:35:31","guid":{"rendered":"http:\/\/www.edition-schwarzdruck.de\/?p=5283"},"modified":"2020-09-15T00:44:21","modified_gmt":"2020-09-14T22:44:21","slug":"viel-zu-selten","status":"publish","type":"post","link":"http:\/\/www.edition-schwarzdruck.de\/?p=5283","title":{"rendered":"Viel zu selten"},"content":{"rendered":"<p><div id=\"metaslider-id-5285\" style=\"width: 100%; margin: 0 auto;\" class=\"ml-slider-3-28-3 metaslider metaslider-flex metaslider-5285 ml-slider\">\n    <div id=\"metaslider_container_5285\">\n        <div id=\"metaslider_5285\">\n            <ul aria-live=\"polite\" class=\"slides\">\n                <li style=\"display: none; width: 100%;\" class=\"slide-5286 ms-image\"><img src=\"http:\/\/www.edition-schwarzdruck.de\/wp-content\/uploads\/2014\/04\/web-zappa-1-600x600.jpg\" height=\"600\" width=\"600\" alt=\"\" class=\"slider-5285 slide-5286\" title=\"web-zappa-1\" \/><\/li>\n                <li style=\"display: none; width: 100%;\" class=\"slide-5287 ms-image\"><img src=\"http:\/\/www.edition-schwarzdruck.de\/wp-content\/uploads\/2014\/04\/web-nestroy-600x600.jpg\" height=\"600\" width=\"600\" alt=\"\" class=\"slider-5285 slide-5287\" title=\"web-nestroy\" \/><\/li>\n                <li style=\"display: none; width: 100%;\" class=\"slide-5288 ms-image\"><img src=\"http:\/\/www.edition-schwarzdruck.de\/wp-content\/uploads\/2014\/04\/web-wale-retten-600x600.jpg\" height=\"600\" width=\"600\" alt=\"\" class=\"slider-5285 slide-5288\" title=\"web-wale-retten\" \/><\/li>\n            <\/ul>\n        <\/div>\n        \n    <\/div>\n<\/div>und dann leider immer unter Zeitdruck kommt der Schwarzdrucker zum Schwarzdrucken. Nun ist endlich mal wieder etwas wenigstens halbwegs fertiggeworden: die Bl\u00e4tter f\u00fcr unsere Letterpress-Workers-Ausstellung im Druckmuseum in Leipzig. Er\u00f6ffnung ist am 2. Oktober abends &#8230;<br \/>\nDas Blatt mit Frank Zappas Text ist der Beginn einer kleinen Serie &#8211; der Herr hat noch allerhand anderes Geistreiche von sich gegeben, was auch noch gedruckt werden will.<br \/>\nDas zweite Blatt mit Nestroys dialektischer Weisheit entstand (in einer anderer Fassung und anderem Format) eigentlich als Beilage zur Vorzugsausgabe von &#8222;Halbzeit&#8220;. Aber so richtig gl\u00fccklich war ich mit der Fassung nicht &#8211; die neue finde ich deutlich besser. Eine kleine Feinheit ist auf diesem wieder einmal zu schlechtem Foto nicht zu sehen &#8211; da hilft nur ein Blick aufs Original.<\/p>\n<p>Das dritte Blatt (falls das auch in die Ausstellung rutschen sollte) ist &#8222;nur&#8220; ein Zustandsdruck. Den Text von Gustav (einem Musikprojekt aus Wien) hatte ich vor zwei Jahren f\u00fcr die &#8222;Hits&#8220; (in einem anderen Format, anderer Farbe und gefalzt) gesetzt. Weil die Schriften zwar wundersch\u00f6n sind, aber eben auch so abgenutzt, dass ich damals einen ganzen Tag nur mit Zurichten zugebracht habe, hatte ich damals f\u00fcr eine Verwendung als Einblattdruck zum an die Wand h\u00e4ngen ein paar Abz\u00fcge in Schwarz gemacht, an denen ich jetzt weiter gearbeitet habe. Die endg\u00fcltige Fassung ist das noch nicht &#8211; und sauber gedruckt ist das Ausstellungsexemplar auch noch nicht. Die h\u00fcbschen Jugendstilornamente sind eben auch derma\u00dfen fertig, dass wieder noch ein Tag Zurichten ansteht &#8230;<\/p>\n","protected":false},"excerpt":{"rendered":"<p>und dann leider immer unter Zeitdruck kommt der Schwarzdrucker zum Schwarzdrucken. Nun ist endlich mal wieder etwas wenigstens halbwegs fertiggeworden: die Bl\u00e4tter f\u00fcr unsere Letterpress-Workers-Ausstellung im Druckmuseum in Leipzig. Er\u00f6ffnung ist am 2. Oktober abends &#8230; Das Blatt mit Frank Zappas Text ist der Beginn einer kleinen Serie &#8211; der Herr hat noch allerhand anderes [&hellip;]<\/p>\n","protected":false},"author":2,"featured_media":0,"comment_status":"open","ping_status":"open","sticky":false,"template":"","format":"image","meta":[],"categories":[84,1],"tags":[112,210,105,109],"_links":{"self":[{"href":"http:\/\/www.edition-schwarzdruck.de\/index.php?rest_route=\/wp\/v2\/posts\/5283"}],"collection":[{"href":"http:\/\/www.edition-schwarzdruck.de\/index.php?rest_route=\/wp\/v2\/posts"}],"about":[{"href":"http:\/\/www.edition-schwarzdruck.de\/index.php?rest_route=\/wp\/v2\/types\/post"}],"author":[{"embeddable":true,"href":"http:\/\/www.edition-schwarzdruck.de\/index.php?rest_route=\/wp\/v2\/users\/2"}],"replies":[{"embeddable":true,"href":"http:\/\/www.edition-schwarzdruck.de\/index.php?rest_route=%2Fwp%2Fv2%2Fcomments&post=5283"}],"version-history":[{"count":5,"href":"http:\/\/www.edition-schwarzdruck.de\/index.php?rest_route=\/wp\/v2\/posts\/5283\/revisions"}],"predecessor-version":[{"id":5292,"href":"http:\/\/www.edition-schwarzdruck.de\/index.php?rest_route=\/wp\/v2\/posts\/5283\/revisions\/5292"}],"wp:attachment":[{"href":"http:\/\/www.edition-schwarzdruck.de\/index.php?rest_route=%2Fwp%2Fv2%2Fmedia&parent=5283"}],"wp:term":[{"taxonomy":"category","embeddable":true,"href":"http:\/\/www.edition-schwarzdruck.de\/index.php?rest_route=%2Fwp%2Fv2%2Fcategories&post=5283"},{"taxonomy":"post_tag","embeddable":true,"href":"http:\/\/www.edition-schwarzdruck.de\/index.php?rest_route=%2Fwp%2Fv2%2Ftags&post=5283"}],"curies":[{"name":"wp","href":"https:\/\/api.w.org\/{rel}","templated":true}]}}