{"id":5277,"date":"2020-09-06T22:51:41","date_gmt":"2020-09-06T20:51:41","guid":{"rendered":"http:\/\/www.edition-schwarzdruck.de\/?p=5277"},"modified":"2020-09-06T22:51:41","modified_gmt":"2020-09-06T20:51:41","slug":"soeben-erschienen-sieger-leben-in-deutschland","status":"publish","type":"post","link":"http:\/\/www.edition-schwarzdruck.de\/?p=5277","title":{"rendered":"Soeben erschienen: Sieger leben in Deutschland"},"content":{"rendered":"<p>Auch wenn die geplante Buchpremiere am 2. September im Russischen Haus der Kultur in Berlin ausgefallen ist, so ist doch <a href=\"http:\/\/www.edition-schwarzdruck.de\/?portfolio=sieger-leben-in-deutschland\">das Buch<\/a> jetzt wirklich erschienen. Das Kollektiv des VEB Schwarzdruck steht ja bekanntlich im Titelkampf um den Ehrentitel &#8222;Brigade der deutsch-russischen Freundschaft&#8220; und ist sehr stolz darauf, in diesen Zeiten ein solches Buch als (leicht versp\u00e4teter) Beitrag zum 8. Mai gemacht zu haben. Inhaltlich und formal. Auch wenn der reine Haupttitel etwas mi\u00dfverst\u00e4ndlich aufgefasst werden k\u00f6nnte &#8211; weiterlesen bringt dann Erkenntnisgewinn.<br \/>\nEin gro\u00dfer Dank an Elke Scherstjanoi, dass wir dieses Buch machen durften.<br \/>\nWie n\u00f6tig dieser unserer Beitrag zur Hebung historischer Kenntnisse ist, hat Brandenburgs Ministerpr\u00e4sident Woidke in seiner unfassbar dummen Rede am 31. August in Sachsenhausen eindringlich bewiesen. Vielleicht kann ihm ja mal jemand einen Tip zu diesem Buch geben &#8230;<\/p>\n<p>Ab jetzt erh\u00e4ltlich in unserem Shop und in jeder anst\u00e4ndigen Buchhandlung, bei Amazon wird&#8217;s noch ein paar Tage dauern &#8230;<\/p>\n","protected":false},"excerpt":{"rendered":"<p>Auch wenn die geplante Buchpremiere am 2. September im Russischen Haus der Kultur in Berlin ausgefallen ist, so ist doch das Buch jetzt wirklich erschienen. Das Kollektiv des VEB Schwarzdruck steht ja bekanntlich im Titelkampf um den Ehrentitel &#8222;Brigade der deutsch-russischen Freundschaft&#8220; und ist sehr stolz darauf, in diesen Zeiten ein solches Buch als (leicht [&hellip;]<\/p>\n","protected":false},"author":2,"featured_media":0,"comment_status":"open","ping_status":"open","sticky":false,"template":"","format":"image","meta":[],"categories":[84],"tags":[268],"_links":{"self":[{"href":"http:\/\/www.edition-schwarzdruck.de\/index.php?rest_route=\/wp\/v2\/posts\/5277"}],"collection":[{"href":"http:\/\/www.edition-schwarzdruck.de\/index.php?rest_route=\/wp\/v2\/posts"}],"about":[{"href":"http:\/\/www.edition-schwarzdruck.de\/index.php?rest_route=\/wp\/v2\/types\/post"}],"author":[{"embeddable":true,"href":"http:\/\/www.edition-schwarzdruck.de\/index.php?rest_route=\/wp\/v2\/users\/2"}],"replies":[{"embeddable":true,"href":"http:\/\/www.edition-schwarzdruck.de\/index.php?rest_route=%2Fwp%2Fv2%2Fcomments&post=5277"}],"version-history":[{"count":1,"href":"http:\/\/www.edition-schwarzdruck.de\/index.php?rest_route=\/wp\/v2\/posts\/5277\/revisions"}],"predecessor-version":[{"id":5278,"href":"http:\/\/www.edition-schwarzdruck.de\/index.php?rest_route=\/wp\/v2\/posts\/5277\/revisions\/5278"}],"wp:attachment":[{"href":"http:\/\/www.edition-schwarzdruck.de\/index.php?rest_route=%2Fwp%2Fv2%2Fmedia&parent=5277"}],"wp:term":[{"taxonomy":"category","embeddable":true,"href":"http:\/\/www.edition-schwarzdruck.de\/index.php?rest_route=%2Fwp%2Fv2%2Fcategories&post=5277"},{"taxonomy":"post_tag","embeddable":true,"href":"http:\/\/www.edition-schwarzdruck.de\/index.php?rest_route=%2Fwp%2Fv2%2Ftags&post=5277"}],"curies":[{"name":"wp","href":"https:\/\/api.w.org\/{rel}","templated":true}]}}