{"id":5245,"date":"2020-08-08T13:20:00","date_gmt":"2020-08-08T11:20:00","guid":{"rendered":"http:\/\/www.edition-schwarzdruck.de\/?p=5245"},"modified":"2020-08-08T13:20:00","modified_gmt":"2020-08-08T11:20:00","slug":"und-am-9-august","status":"publish","type":"post","link":"http:\/\/www.edition-schwarzdruck.de\/?p=5245","title":{"rendered":"Und am 9. August,"},"content":{"rendered":"<p>also morgen, schwitzt die Schwarzdruck-Mannschaft auf dem Brandenburgischen B\u00fcchermarkt vom LIT-Fest Potsdam. Stefan K\u00f6rbel auf der B\u00fchne, der Rest am Verkaufsstand. Wir bringen eine Auswahl vorwiegend literarischer Werke und auch ein paar Postkarten mit und hoffen auf rei\u00dfenden Absatz. Von 13 bis 18 Uhr findet dieser B\u00fcchermarkt mit Leseb\u00fchne und literaturorientierter Kinderbespa\u00dfung im Familientzentrum &#8222;Treffpunkt Freizeit&#8220;, Am Neuen Garten 64, 14469 Potsdam, statt. Eintritt ist frei, Hygienekonzept vorhanden.<br \/>\nStefan K\u00f6rbel ist um 14.30 auf der B\u00fchne und danach sicher auch noch am Verlagsstand anzutreffen. Kommt massenhaft!<\/p>\n","protected":false},"excerpt":{"rendered":"<p>also morgen, schwitzt die Schwarzdruck-Mannschaft auf dem Brandenburgischen B\u00fcchermarkt vom LIT-Fest Potsdam. Stefan K\u00f6rbel auf der B\u00fchne, der Rest am Verkaufsstand. Wir bringen eine Auswahl vorwiegend literarischer Werke und auch ein paar Postkarten mit und hoffen auf rei\u00dfenden Absatz. Von 13 bis 18 Uhr findet dieser B\u00fcchermarkt mit Leseb\u00fchne und literaturorientierter Kinderbespa\u00dfung im Familientzentrum &#8222;Treffpunkt [&hellip;]<\/p>\n","protected":false},"author":2,"featured_media":0,"comment_status":"open","ping_status":"open","sticky":false,"template":"","format":"standard","meta":[],"categories":[49],"tags":[266,221,225,267],"_links":{"self":[{"href":"http:\/\/www.edition-schwarzdruck.de\/index.php?rest_route=\/wp\/v2\/posts\/5245"}],"collection":[{"href":"http:\/\/www.edition-schwarzdruck.de\/index.php?rest_route=\/wp\/v2\/posts"}],"about":[{"href":"http:\/\/www.edition-schwarzdruck.de\/index.php?rest_route=\/wp\/v2\/types\/post"}],"author":[{"embeddable":true,"href":"http:\/\/www.edition-schwarzdruck.de\/index.php?rest_route=\/wp\/v2\/users\/2"}],"replies":[{"embeddable":true,"href":"http:\/\/www.edition-schwarzdruck.de\/index.php?rest_route=%2Fwp%2Fv2%2Fcomments&post=5245"}],"version-history":[{"count":1,"href":"http:\/\/www.edition-schwarzdruck.de\/index.php?rest_route=\/wp\/v2\/posts\/5245\/revisions"}],"predecessor-version":[{"id":5246,"href":"http:\/\/www.edition-schwarzdruck.de\/index.php?rest_route=\/wp\/v2\/posts\/5245\/revisions\/5246"}],"wp:attachment":[{"href":"http:\/\/www.edition-schwarzdruck.de\/index.php?rest_route=%2Fwp%2Fv2%2Fmedia&parent=5245"}],"wp:term":[{"taxonomy":"category","embeddable":true,"href":"http:\/\/www.edition-schwarzdruck.de\/index.php?rest_route=%2Fwp%2Fv2%2Fcategories&post=5245"},{"taxonomy":"post_tag","embeddable":true,"href":"http:\/\/www.edition-schwarzdruck.de\/index.php?rest_route=%2Fwp%2Fv2%2Ftags&post=5245"}],"curies":[{"name":"wp","href":"https:\/\/api.w.org\/{rel}","templated":true}]}}