{"id":5242,"date":"2020-08-04T15:09:55","date_gmt":"2020-08-04T13:09:55","guid":{"rendered":"http:\/\/www.edition-schwarzdruck.de\/?p=5242"},"modified":"2020-08-04T15:09:55","modified_gmt":"2020-08-04T13:09:55","slug":"am-5-august","status":"publish","type":"post","link":"http:\/\/www.edition-schwarzdruck.de\/?p=5242","title":{"rendered":"Am 5. August,"},"content":{"rendered":"<p>also morgen, ein kleiner Tip f\u00fcr alle, die gerade in dieser Gegend sind: Lesung mit Stefan K\u00f6rbel um 19.30 in Ueckerm\u00fcnde in der Friedrich-Wagner-Buchhandlung in der Ueckerstra\u00dfe 79. Diesmal wieder in voller Besetzung mit Familienband &#8211; der Autor wird alles geben!<\/p>\n","protected":false},"excerpt":{"rendered":"<p>also morgen, ein kleiner Tip f\u00fcr alle, die gerade in dieser Gegend sind: Lesung mit Stefan K\u00f6rbel um 19.30 in Ueckerm\u00fcnde in der Friedrich-Wagner-Buchhandlung in der Ueckerstra\u00dfe 79. Diesmal wieder in voller Besetzung mit Familienband &#8211; der Autor wird alles geben!<\/p>\n","protected":false},"author":2,"featured_media":0,"comment_status":"open","ping_status":"open","sticky":false,"template":"","format":"image","meta":[],"categories":[49],"tags":[225,265,222],"_links":{"self":[{"href":"http:\/\/www.edition-schwarzdruck.de\/index.php?rest_route=\/wp\/v2\/posts\/5242"}],"collection":[{"href":"http:\/\/www.edition-schwarzdruck.de\/index.php?rest_route=\/wp\/v2\/posts"}],"about":[{"href":"http:\/\/www.edition-schwarzdruck.de\/index.php?rest_route=\/wp\/v2\/types\/post"}],"author":[{"embeddable":true,"href":"http:\/\/www.edition-schwarzdruck.de\/index.php?rest_route=\/wp\/v2\/users\/2"}],"replies":[{"embeddable":true,"href":"http:\/\/www.edition-schwarzdruck.de\/index.php?rest_route=%2Fwp%2Fv2%2Fcomments&post=5242"}],"version-history":[{"count":1,"href":"http:\/\/www.edition-schwarzdruck.de\/index.php?rest_route=\/wp\/v2\/posts\/5242\/revisions"}],"predecessor-version":[{"id":5243,"href":"http:\/\/www.edition-schwarzdruck.de\/index.php?rest_route=\/wp\/v2\/posts\/5242\/revisions\/5243"}],"wp:attachment":[{"href":"http:\/\/www.edition-schwarzdruck.de\/index.php?rest_route=%2Fwp%2Fv2%2Fmedia&parent=5242"}],"wp:term":[{"taxonomy":"category","embeddable":true,"href":"http:\/\/www.edition-schwarzdruck.de\/index.php?rest_route=%2Fwp%2Fv2%2Fcategories&post=5242"},{"taxonomy":"post_tag","embeddable":true,"href":"http:\/\/www.edition-schwarzdruck.de\/index.php?rest_route=%2Fwp%2Fv2%2Ftags&post=5242"}],"curies":[{"name":"wp","href":"https:\/\/api.w.org\/{rel}","templated":true}]}}