{"id":5239,"date":"2020-07-28T12:03:13","date_gmt":"2020-07-28T10:03:13","guid":{"rendered":"http:\/\/www.edition-schwarzdruck.de\/?p=5239"},"modified":"2020-07-28T12:03:13","modified_gmt":"2020-07-28T10:03:13","slug":"da-ist-mal-wieder-eine-neuerscheinung","status":"publish","type":"post","link":"http:\/\/www.edition-schwarzdruck.de\/?p=5239","title":{"rendered":"Da ist mal wieder eine Neuerscheinung"},"content":{"rendered":"<p>zu vermelden: \u201eMein ganzes Werk ist tragisch-dionysisch, vulkanisch, insular, dramatisch-ozeanisch, wie auch der amerikanische Kontinent.\u201c So beschrieb Pablo de Rokha sein literarisches Werk. Wer nun neugierig geworden ist, kann hier \u2013 erstmalig auf Deutsch \u2013 reinlesen. In dieser deutsch-spanischen Ausgabe wird ein weiterer gro\u00dfer Dichter aus Chile vorgestellt, in dem es eben nicht nur Pablo Neruda gab. De Rokha, ein offensichtlich sehr selbstbewu\u00dfter Mann mit wirklich bewegten Lebenslauf und gro\u00dfem Einflu\u00df auf die gesamte lateinamerikanische Lyrik, ist allerdings undenkbar ohne seine Frau Winett. Und deshalb wurde in diesem Band auch eine Auswahl ihrer Gedichte ver\u00f6ffentlicht. Dank der Unterst\u00fctzung von chilenischer Seite nun schon der zweite hierzulande unbekannte chilenische Dichter (nach Gonzalo Rojas) als Entdeckung f\u00fcr deutsche Leser in der Edition Schwarzdruck.<\/p>\n<p>Ab sofort auf den \u00fcblichen Erwerbskan\u00e4len zu haben. Am besten nat\u00fcrlich bei uns im Shop!<\/p>\n","protected":false},"excerpt":{"rendered":"<p>zu vermelden: \u201eMein ganzes Werk ist tragisch-dionysisch, vulkanisch, insular, dramatisch-ozeanisch, wie auch der amerikanische Kontinent.\u201c So beschrieb Pablo de Rokha sein literarisches Werk. Wer nun neugierig geworden ist, kann hier \u2013 erstmalig auf Deutsch \u2013 reinlesen. In dieser deutsch-spanischen Ausgabe wird ein weiterer gro\u00dfer Dichter aus Chile vorgestellt, in dem es eben nicht nur Pablo [&hellip;]<\/p>\n","protected":false},"author":2,"featured_media":0,"comment_status":"open","ping_status":"open","sticky":false,"template":"","format":"image","meta":[],"categories":[84],"tags":[107,226,147],"_links":{"self":[{"href":"http:\/\/www.edition-schwarzdruck.de\/index.php?rest_route=\/wp\/v2\/posts\/5239"}],"collection":[{"href":"http:\/\/www.edition-schwarzdruck.de\/index.php?rest_route=\/wp\/v2\/posts"}],"about":[{"href":"http:\/\/www.edition-schwarzdruck.de\/index.php?rest_route=\/wp\/v2\/types\/post"}],"author":[{"embeddable":true,"href":"http:\/\/www.edition-schwarzdruck.de\/index.php?rest_route=\/wp\/v2\/users\/2"}],"replies":[{"embeddable":true,"href":"http:\/\/www.edition-schwarzdruck.de\/index.php?rest_route=%2Fwp%2Fv2%2Fcomments&post=5239"}],"version-history":[{"count":2,"href":"http:\/\/www.edition-schwarzdruck.de\/index.php?rest_route=\/wp\/v2\/posts\/5239\/revisions"}],"predecessor-version":[{"id":5241,"href":"http:\/\/www.edition-schwarzdruck.de\/index.php?rest_route=\/wp\/v2\/posts\/5239\/revisions\/5241"}],"wp:attachment":[{"href":"http:\/\/www.edition-schwarzdruck.de\/index.php?rest_route=%2Fwp%2Fv2%2Fmedia&parent=5239"}],"wp:term":[{"taxonomy":"category","embeddable":true,"href":"http:\/\/www.edition-schwarzdruck.de\/index.php?rest_route=%2Fwp%2Fv2%2Fcategories&post=5239"},{"taxonomy":"post_tag","embeddable":true,"href":"http:\/\/www.edition-schwarzdruck.de\/index.php?rest_route=%2Fwp%2Fv2%2Ftags&post=5239"}],"curies":[{"name":"wp","href":"https:\/\/api.w.org\/{rel}","templated":true}]}}