{"id":5235,"date":"2020-07-09T12:42:25","date_gmt":"2020-07-09T10:42:25","guid":{"rendered":"http:\/\/www.edition-schwarzdruck.de\/?p=5235"},"modified":"2020-07-09T12:42:25","modified_gmt":"2020-07-09T10:42:25","slug":"dieses-wunderschoene-plakat","status":"publish","type":"post","link":"http:\/\/www.edition-schwarzdruck.de\/?p=5235","title":{"rendered":"Dieses wundersch\u00f6ne Plakat"},"content":{"rendered":"<p>im Format von etwa A3, gefalzt und auf der R\u00fcckseite mit allen wesentlichen Angaben zu unserer derzeitig lieferbaren Kollektion von Zirkusb\u00fcchern versehen, kann ab sofort ganz einfach und vor allem kostenlos erworben werden, indem man mindestens eins dieser B\u00fccher bei uns im Webshop bestellt.<\/p>\n","protected":false},"excerpt":{"rendered":"<p>im Format von etwa A3, gefalzt und auf der R\u00fcckseite mit allen wesentlichen Angaben zu unserer derzeitig lieferbaren Kollektion von Zirkusb\u00fcchern versehen, kann ab sofort ganz einfach und vor allem kostenlos erworben werden, indem man mindestens eins dieser B\u00fccher bei uns im Webshop bestellt.<\/p>\n","protected":false},"author":2,"featured_media":0,"comment_status":"open","ping_status":"open","sticky":false,"template":"","format":"image","meta":[],"categories":[84],"tags":[149,150],"_links":{"self":[{"href":"http:\/\/www.edition-schwarzdruck.de\/index.php?rest_route=\/wp\/v2\/posts\/5235"}],"collection":[{"href":"http:\/\/www.edition-schwarzdruck.de\/index.php?rest_route=\/wp\/v2\/posts"}],"about":[{"href":"http:\/\/www.edition-schwarzdruck.de\/index.php?rest_route=\/wp\/v2\/types\/post"}],"author":[{"embeddable":true,"href":"http:\/\/www.edition-schwarzdruck.de\/index.php?rest_route=\/wp\/v2\/users\/2"}],"replies":[{"embeddable":true,"href":"http:\/\/www.edition-schwarzdruck.de\/index.php?rest_route=%2Fwp%2Fv2%2Fcomments&post=5235"}],"version-history":[{"count":1,"href":"http:\/\/www.edition-schwarzdruck.de\/index.php?rest_route=\/wp\/v2\/posts\/5235\/revisions"}],"predecessor-version":[{"id":5236,"href":"http:\/\/www.edition-schwarzdruck.de\/index.php?rest_route=\/wp\/v2\/posts\/5235\/revisions\/5236"}],"wp:attachment":[{"href":"http:\/\/www.edition-schwarzdruck.de\/index.php?rest_route=%2Fwp%2Fv2%2Fmedia&parent=5235"}],"wp:term":[{"taxonomy":"category","embeddable":true,"href":"http:\/\/www.edition-schwarzdruck.de\/index.php?rest_route=%2Fwp%2Fv2%2Fcategories&post=5235"},{"taxonomy":"post_tag","embeddable":true,"href":"http:\/\/www.edition-schwarzdruck.de\/index.php?rest_route=%2Fwp%2Fv2%2Ftags&post=5235"}],"curies":[{"name":"wp","href":"https:\/\/api.w.org\/{rel}","templated":true}]}}