{"id":5189,"date":"2020-06-10T12:11:50","date_gmt":"2020-06-10T10:11:50","guid":{"rendered":"http:\/\/www.edition-schwarzdruck.de\/?p=5189"},"modified":"2020-06-10T13:16:50","modified_gmt":"2020-06-10T11:16:50","slug":"ein-wort-zur-mehrwertsteuersenkung","status":"publish","type":"post","link":"http:\/\/www.edition-schwarzdruck.de\/?p=5189","title":{"rendered":"Ein Wort zur Mehrwertsteuersenkung:"},"content":{"rendered":"<p>Auch wenn die Bundesregierung glaubt, dass man mittels einer Senkung der Mehrwertsteuer automatisch und gleichzeitig die Preise f\u00fcr den Endkunden senkt: Das ist nicht so einfach und selbst jedes Milchm\u00e4dchen w\u00fc\u00dfte das besser. Diese Ma\u00dfnahme zeigt mal wieder in best\u00fcrzender Deutlichkeit, wie ahnungslos unsere Regierung ist und wie schwachsinnig zweistellige Milliardensummen verpulvert werden. Wir werden &#8211; wie vermutlich die meisten Verlage &#8211; an unseren Ladenpreisen gar nichts \u00e4ndern. Zum einen ist es ein ungeheurer Aufwand, s\u00e4mtliche Bruttopreise zweimal in 6 Monaten zu \u00e4ndern. Denn diese \u00c4nderungen m\u00fcssten nicht nur in unserem Shop, sondern auch im Verzeichnis lieferbarer B\u00fccher, dem Buchhandel, dem gedruckten Verlagsprogramm, s\u00e4mtlichen Werbematerialien und bei Amazon durchgef\u00fchrt werden, was innerhalb von nicht mal drei Wochen sehr schwierig bzw. unm\u00f6glich w\u00e4re.<br \/>\nDie Ersparnis f\u00fcr den K\u00e4ufer w\u00e4re l\u00e4cherlich und die neuen Bruttopreise w\u00e4ren sehr exotische und krumme Betr\u00e4ge. Was vielen nicht klar ist: der (Brutto-)Ladenpreis setzt sich aus dem Nettopreis und der Mehrwertsteuer zusammen, die sich aus dem Nettopreis ergibt. Wenn ein Buch im Laden beispielsweise 10 Euro kostet, betr\u00e4gt der Nettopreis nicht (wie viele annehmen) 9,30 Euro, sondern (gerundet) 9,35 Euro. 7% von diesen 9,35 Euro sind 65 Cent, was in der Summe dann einen glatten Bruttopreis von 10 Euro ergibt. Wenn sich nun aber die Mehrwertsteuer (auf den Nettopreis) um 2% auf dann 47 Cent verringert, h\u00e4tten wir also einen neuen Bruttopreis von 9,82 Euro. Die Ersparnis w\u00e4re also nur 1,8% vom Bruttopreis. 18 Cent auf 10 Euro gespart &#8211; das ist nicht wirklich ein Argument f\u00fcr K\u00e4ufer bei zwei- oder auch dreistelligen Summen. Selbst wenn es 20 Cent auf 10 Euro w\u00e4ren &#8230; wirklich verkaufsf\u00f6rdernde Zahlen k\u00e4men nur bei vier- oder f\u00fcnfstelligen Preisen zustande. Betrifft also haupts\u00e4chlich Neuwagen, Yachten, Weltumseglungen und Immobilienanlagen.<br \/>\nRein wirtschaftlich ist diese Ma\u00dfnahme lediglich ein Konjunkturprogramm f\u00fcr Buchhalter und Computerprogrammierer und wird auch den Finanz\u00e4mtern sehr viel zus\u00e4tzliche Arbeit bescheren, um auszurechnen, was dem Staat an Einnahmen entgeht. F\u00fcr Produktions- und Handelsabl\u00e4ufe wird die Buchf\u00fchrung extrem schwierig: Wenn ich beispielsweise als H\u00e4ndler f\u00fcr den alten Mehrwertsteuersatz eingekauft habe, aber zum neuen verkaufen muss, dann bekomme ich zwar irgendwann dieses dadurch verlorenen Geld wieder mit der Steuererkl\u00e4rung zur\u00fcck, weil die Mehrwertsteuer ja nur ein durchlaufender Posten ist. Aber der Aufwand, das zu dokumentieren (Rechnung- und Buchhaltungssysteme umstellen und m\u00f6glicherweise sogar Preise ver\u00e4ndern), d\u00fcrfte bei den meisten kleinen und mittelst\u00e4ndischen Betrieben den &#8222;Gewinn&#8220; von nicht einmal 2% brutto auffressen. Und wenn man diese gewaltige Summe auch noch an den Kunden weitergibt, dann hat man sogar einen Verlust. Am Ende verlieren alle: dem Staat gehen Steuermilliarden in zweistelliger H\u00f6he verloren, der angebliche Gewinn versickert gr\u00f6\u00dftenteils und hilft niemanden wirklich weiter und der ahnungslose K\u00e4ufer wundert und \u00e4rgert sich, dass er auch nichts davon hat. Nur die reichen Mitb\u00fcrger, die sich momentan richtig gro\u00dfe Ausgaben leisten k\u00f6nnen, sparen wirklich nennenswert. Selbst wenn dieser Schwachsinn &#8222;nur&#8220; 20 Milliarden an Steuereinnahmen kosten sollte, w\u00e4re es deutlich sinnvoller gewesen, beispielsweise jedem Bundesb\u00fcrger pro Nase 250 Euro zu \u00fcberweisen &#8230; da h\u00e4tte dann wirklich die Mehrheit der Bev\u00f6lkerung etwas daran gewonnen.<br \/>\nAber woher sollen die r\u00f6tlichen und schwarzen Nullen in der Regierung das auch wissen?<\/p>\n","protected":false},"excerpt":{"rendered":"<p>Auch wenn die Bundesregierung glaubt, dass man mittels einer Senkung der Mehrwertsteuer automatisch und gleichzeitig die Preise f\u00fcr den Endkunden senkt: Das ist nicht so einfach und selbst jedes Milchm\u00e4dchen w\u00fc\u00dfte das besser. Diese Ma\u00dfnahme zeigt mal wieder in best\u00fcrzender Deutlichkeit, wie ahnungslos unsere Regierung ist und wie schwachsinnig zweistellige Milliardensummen verpulvert werden. Wir werden [&hellip;]<\/p>\n","protected":false},"author":2,"featured_media":0,"comment_status":"open","ping_status":"open","sticky":false,"template":"","format":"standard","meta":[],"categories":[50],"tags":[262,263,264],"_links":{"self":[{"href":"http:\/\/www.edition-schwarzdruck.de\/index.php?rest_route=\/wp\/v2\/posts\/5189"}],"collection":[{"href":"http:\/\/www.edition-schwarzdruck.de\/index.php?rest_route=\/wp\/v2\/posts"}],"about":[{"href":"http:\/\/www.edition-schwarzdruck.de\/index.php?rest_route=\/wp\/v2\/types\/post"}],"author":[{"embeddable":true,"href":"http:\/\/www.edition-schwarzdruck.de\/index.php?rest_route=\/wp\/v2\/users\/2"}],"replies":[{"embeddable":true,"href":"http:\/\/www.edition-schwarzdruck.de\/index.php?rest_route=%2Fwp%2Fv2%2Fcomments&post=5189"}],"version-history":[{"count":4,"href":"http:\/\/www.edition-schwarzdruck.de\/index.php?rest_route=\/wp\/v2\/posts\/5189\/revisions"}],"predecessor-version":[{"id":5193,"href":"http:\/\/www.edition-schwarzdruck.de\/index.php?rest_route=\/wp\/v2\/posts\/5189\/revisions\/5193"}],"wp:attachment":[{"href":"http:\/\/www.edition-schwarzdruck.de\/index.php?rest_route=%2Fwp%2Fv2%2Fmedia&parent=5189"}],"wp:term":[{"taxonomy":"category","embeddable":true,"href":"http:\/\/www.edition-schwarzdruck.de\/index.php?rest_route=%2Fwp%2Fv2%2Fcategories&post=5189"},{"taxonomy":"post_tag","embeddable":true,"href":"http:\/\/www.edition-schwarzdruck.de\/index.php?rest_route=%2Fwp%2Fv2%2Ftags&post=5189"}],"curies":[{"name":"wp","href":"https:\/\/api.w.org\/{rel}","templated":true}]}}