{"id":5163,"date":"2020-05-09T01:02:05","date_gmt":"2020-05-08T23:02:05","guid":{"rendered":"http:\/\/www.edition-schwarzdruck.de\/?p=5163"},"modified":"2020-05-09T01:02:05","modified_gmt":"2020-05-08T23:02:05","slug":"den-tag-des-sieges-feiern-wir","status":"publish","type":"post","link":"http:\/\/www.edition-schwarzdruck.de\/?p=5163","title":{"rendered":"Den &#8222;Tag des Sieges&#8220; feiern wir"},"content":{"rendered":"<p>mit unseren russischen Freunden erst heute. Mit dem gleichnamigen Titel einer hier erst k\u00fcrzlich gefeierten Band. Und regen uns nicht mehr \u00fcber die gestrige j\u00e4mmerliche Rede eines intellektuell doch sehr limitierten Bundespr\u00e4sidenten zum Thema auf.<\/p>\n","protected":false},"excerpt":{"rendered":"<p>mit unseren russischen Freunden erst heute. Mit dem gleichnamigen Titel einer hier erst k\u00fcrzlich gefeierten Band. Und regen uns nicht mehr \u00fcber die gestrige j\u00e4mmerliche Rede eines intellektuell doch sehr limitierten Bundespr\u00e4sidenten zum Thema auf.<\/p>\n","protected":false},"author":2,"featured_media":0,"comment_status":"open","ping_status":"open","sticky":false,"template":"","format":"video","meta":[],"categories":[50],"tags":[],"_links":{"self":[{"href":"http:\/\/www.edition-schwarzdruck.de\/index.php?rest_route=\/wp\/v2\/posts\/5163"}],"collection":[{"href":"http:\/\/www.edition-schwarzdruck.de\/index.php?rest_route=\/wp\/v2\/posts"}],"about":[{"href":"http:\/\/www.edition-schwarzdruck.de\/index.php?rest_route=\/wp\/v2\/types\/post"}],"author":[{"embeddable":true,"href":"http:\/\/www.edition-schwarzdruck.de\/index.php?rest_route=\/wp\/v2\/users\/2"}],"replies":[{"embeddable":true,"href":"http:\/\/www.edition-schwarzdruck.de\/index.php?rest_route=%2Fwp%2Fv2%2Fcomments&post=5163"}],"version-history":[{"count":1,"href":"http:\/\/www.edition-schwarzdruck.de\/index.php?rest_route=\/wp\/v2\/posts\/5163\/revisions"}],"predecessor-version":[{"id":5164,"href":"http:\/\/www.edition-schwarzdruck.de\/index.php?rest_route=\/wp\/v2\/posts\/5163\/revisions\/5164"}],"wp:attachment":[{"href":"http:\/\/www.edition-schwarzdruck.de\/index.php?rest_route=%2Fwp%2Fv2%2Fmedia&parent=5163"}],"wp:term":[{"taxonomy":"category","embeddable":true,"href":"http:\/\/www.edition-schwarzdruck.de\/index.php?rest_route=%2Fwp%2Fv2%2Fcategories&post=5163"},{"taxonomy":"post_tag","embeddable":true,"href":"http:\/\/www.edition-schwarzdruck.de\/index.php?rest_route=%2Fwp%2Fv2%2Ftags&post=5163"}],"curies":[{"name":"wp","href":"https:\/\/api.w.org\/{rel}","templated":true}]}}