{"id":5158,"date":"2020-05-08T15:04:01","date_gmt":"2020-05-08T13:04:01","guid":{"rendered":"http:\/\/www.edition-schwarzdruck.de\/?p=5158"},"modified":"2020-06-10T12:15:50","modified_gmt":"2020-06-10T10:15:50","slug":"eine-sehr-freundliche-rezension","status":"publish","type":"post","link":"http:\/\/www.edition-schwarzdruck.de\/?p=5158","title":{"rendered":"Eine sehr freundliche Rezension"},"content":{"rendered":"<p>von Matthias Biskupek zu unserem dicken &#8222;Wendekreis&#8220; ist im Eulenspiegel erschienen. Das ist zwar schon ein paar Tage her, aber hier nochmal zum Nachlesen mit herzlichem Dank an beide Autoren: dem des Romans und dem der Rezension! Mittlerweile kommen sogar die Verk\u00e4ufe dieses wunderbaren Buches auf Trab &#8230; nat\u00fcrlich in unseren bescheidenen und nicht mit Rowohlt oder Reclam vergleichbaren Dimensionen. Und hier ist sie:<\/p>\n<p><a name=\"__DdeLink__22_1429735640\"><\/a>Biskupeks Auslese<\/p>\n<p align=\"CENTER\">Wendekreis. Bilderlust. Selbstzerst\u00f6rung<\/p>\n<p>Als Mitbegr\u00fcnder der einstigen Kult-Truppe \u201eKarls Enkel\u201c, Begleiter honoriger S\u00e4ngerinnen, Musik-Verleger, Kneipenchef und Liedtexter (jeweils zeitweilig) ist er einigerma\u00dfen bekannt. Jetzt hat sich Stefan K\u00f6rbel als Romanautor versucht und ein richtig dickes, richtig gutes, richtig humorvolles Werk mit einem barocken Titel \u201eWENDEKREIS oder Die Vollendung der deutschen Einheit im S\u00fcdpazifik\u201c auf den verstopften Buchmarkt geworfen. H\u00e4tte er Rowohlt oder Reclam zum Verlegen bewegt, w\u00e4re \u2013 vielleicht \u2013 ein Bestseller entstanden. Bei der EDITION SCHWARZDRUCK l\u00e4sst es nur die aufhorchen, die es wirklich gelesen haben: Wo hat K\u00f6rbel diese Einf\u00e4lle, diesen Sprachwitz, diese DDR-Erkl\u00e4r-F\u00e4higkeit und diese Detailtreue her? Inhaltsangabe: Abgehalfterter Musikant Rollo Schultz \u2013 mit ein paar autobiografischen Z\u00fcgen \u2013 bekommt Mugge auf S\u00fcdsee-Segelschiff, das reiche Oschies zu deren Vergn\u00fcgen qu\u00e4lt. Doch ein Schiffbruch schmettert Rollo auf eine Robinson-Insel. Sein Freitag ist ein blutjunges, schw\u00e4bisches Weiblein und alsbald \u2026 doch man muss das Ganze selber lesen: Sexismus und Russen, Spannung, Nadelarbeiten, franz\u00f6sische Atomprotzerei, Spannung, Kaask\u00f6ppje und ein spannendes neunseitiges engbedrucktes Glossar. Nein, kein Leser dieses Romans wird ungebildet in die Grube oder auch in die S\u00fcdsee fahren.<\/p>\n<p align=\"CENTER\"><span style=\"font-family: Arial, serif;\"><b>*<\/b><\/span><\/p>\n","protected":false},"excerpt":{"rendered":"<p>von Matthias Biskupek zu unserem dicken &#8222;Wendekreis&#8220; ist im Eulenspiegel erschienen. Das ist zwar schon ein paar Tage her, aber hier nochmal zum Nachlesen mit herzlichem Dank an beide Autoren: dem des Romans und dem der Rezension! Mittlerweile kommen sogar die Verk\u00e4ufe dieses wunderbaren Buches auf Trab &#8230; nat\u00fcrlich in unseren bescheidenen und nicht mit [&hellip;]<\/p>\n","protected":false},"author":2,"featured_media":0,"comment_status":"open","ping_status":"open","sticky":false,"template":"","format":"image","meta":[],"categories":[260],"tags":[186,221,247,222,223],"_links":{"self":[{"href":"http:\/\/www.edition-schwarzdruck.de\/index.php?rest_route=\/wp\/v2\/posts\/5158"}],"collection":[{"href":"http:\/\/www.edition-schwarzdruck.de\/index.php?rest_route=\/wp\/v2\/posts"}],"about":[{"href":"http:\/\/www.edition-schwarzdruck.de\/index.php?rest_route=\/wp\/v2\/types\/post"}],"author":[{"embeddable":true,"href":"http:\/\/www.edition-schwarzdruck.de\/index.php?rest_route=\/wp\/v2\/users\/2"}],"replies":[{"embeddable":true,"href":"http:\/\/www.edition-schwarzdruck.de\/index.php?rest_route=%2Fwp%2Fv2%2Fcomments&post=5158"}],"version-history":[{"count":4,"href":"http:\/\/www.edition-schwarzdruck.de\/index.php?rest_route=\/wp\/v2\/posts\/5158\/revisions"}],"predecessor-version":[{"id":5162,"href":"http:\/\/www.edition-schwarzdruck.de\/index.php?rest_route=\/wp\/v2\/posts\/5158\/revisions\/5162"}],"wp:attachment":[{"href":"http:\/\/www.edition-schwarzdruck.de\/index.php?rest_route=%2Fwp%2Fv2%2Fmedia&parent=5158"}],"wp:term":[{"taxonomy":"category","embeddable":true,"href":"http:\/\/www.edition-schwarzdruck.de\/index.php?rest_route=%2Fwp%2Fv2%2Fcategories&post=5158"},{"taxonomy":"post_tag","embeddable":true,"href":"http:\/\/www.edition-schwarzdruck.de\/index.php?rest_route=%2Fwp%2Fv2%2Ftags&post=5158"}],"curies":[{"name":"wp","href":"https:\/\/api.w.org\/{rel}","templated":true}]}}