{"id":5154,"date":"2020-05-08T01:48:52","date_gmt":"2020-05-07T23:48:52","guid":{"rendered":"http:\/\/www.edition-schwarzdruck.de\/?p=5154"},"modified":"2020-05-08T01:48:52","modified_gmt":"2020-05-07T23:48:52","slug":"tag-der-befreiung","status":"publish","type":"post","link":"http:\/\/www.edition-schwarzdruck.de\/?p=5154","title":{"rendered":"Tag der Befreiung"},"content":{"rendered":"<p>zum 75. Mal unter in vielerlei Hinsicht schwierigen Umst\u00e4nden. Aber die Betriebsgruppe des DSF im VEB Schwarzdruck wei\u00df nat\u00fcrlich gerade diesen Feiertag zu w\u00fcrdigen und arbeitet trotzdem auch an einem solchen Tag unverdrossen weiter an unserer f\u00fcr den Sommer geplanten Publikation &#8222;Sieger leben in Deutschland&#8220;. Bleiben Sie gespannt!<\/p>\n","protected":false},"excerpt":{"rendered":"<p>zum 75. Mal unter in vielerlei Hinsicht schwierigen Umst\u00e4nden. Aber die Betriebsgruppe des DSF im VEB Schwarzdruck wei\u00df nat\u00fcrlich gerade diesen Feiertag zu w\u00fcrdigen und arbeitet trotzdem auch an einem solchen Tag unverdrossen weiter an unserer f\u00fcr den Sommer geplanten Publikation &#8222;Sieger leben in Deutschland&#8220;. Bleiben Sie gespannt!<\/p>\n","protected":false},"author":2,"featured_media":0,"comment_status":"open","ping_status":"open","sticky":false,"template":"","format":"video","meta":[],"categories":[1],"tags":[244,65],"_links":{"self":[{"href":"http:\/\/www.edition-schwarzdruck.de\/index.php?rest_route=\/wp\/v2\/posts\/5154"}],"collection":[{"href":"http:\/\/www.edition-schwarzdruck.de\/index.php?rest_route=\/wp\/v2\/posts"}],"about":[{"href":"http:\/\/www.edition-schwarzdruck.de\/index.php?rest_route=\/wp\/v2\/types\/post"}],"author":[{"embeddable":true,"href":"http:\/\/www.edition-schwarzdruck.de\/index.php?rest_route=\/wp\/v2\/users\/2"}],"replies":[{"embeddable":true,"href":"http:\/\/www.edition-schwarzdruck.de\/index.php?rest_route=%2Fwp%2Fv2%2Fcomments&post=5154"}],"version-history":[{"count":1,"href":"http:\/\/www.edition-schwarzdruck.de\/index.php?rest_route=\/wp\/v2\/posts\/5154\/revisions"}],"predecessor-version":[{"id":5155,"href":"http:\/\/www.edition-schwarzdruck.de\/index.php?rest_route=\/wp\/v2\/posts\/5154\/revisions\/5155"}],"wp:attachment":[{"href":"http:\/\/www.edition-schwarzdruck.de\/index.php?rest_route=%2Fwp%2Fv2%2Fmedia&parent=5154"}],"wp:term":[{"taxonomy":"category","embeddable":true,"href":"http:\/\/www.edition-schwarzdruck.de\/index.php?rest_route=%2Fwp%2Fv2%2Fcategories&post=5154"},{"taxonomy":"post_tag","embeddable":true,"href":"http:\/\/www.edition-schwarzdruck.de\/index.php?rest_route=%2Fwp%2Fv2%2Ftags&post=5154"}],"curies":[{"name":"wp","href":"https:\/\/api.w.org\/{rel}","templated":true}]}}