{"id":5145,"date":"2020-04-24T22:17:21","date_gmt":"2020-04-24T20:17:21","guid":{"rendered":"http:\/\/www.edition-schwarzdruck.de\/?p=5145"},"modified":"2020-04-24T22:26:44","modified_gmt":"2020-04-24T20:26:44","slug":"morgen-wirds-was-geben","status":"publish","type":"post","link":"http:\/\/www.edition-schwarzdruck.de\/?p=5145","title":{"rendered":"Morgen wird&#8217;s was geben"},"content":{"rendered":"<p>&#8230; da war vor 25 Jahren auch ein Sonnabend! Und alle waren j\u00fcnger, d\u00fcnner, leichter, wilder &#8230;<br \/>\nOoch wennwa n\u00fcscht hattn &#8211; Spa\u00df hattenwa trotzdem schon.<\/p>\n","protected":false},"excerpt":{"rendered":"<p>&#8230; da war vor 25 Jahren auch ein Sonnabend! Und alle waren j\u00fcnger, d\u00fcnner, leichter, wilder &#8230; Ooch wennwa n\u00fcscht hattn &#8211; Spa\u00df hattenwa trotzdem schon.<\/p>\n","protected":false},"author":2,"featured_media":0,"comment_status":"open","ping_status":"open","sticky":false,"template":"","format":"video","meta":[],"categories":[69,68],"tags":[244],"_links":{"self":[{"href":"http:\/\/www.edition-schwarzdruck.de\/index.php?rest_route=\/wp\/v2\/posts\/5145"}],"collection":[{"href":"http:\/\/www.edition-schwarzdruck.de\/index.php?rest_route=\/wp\/v2\/posts"}],"about":[{"href":"http:\/\/www.edition-schwarzdruck.de\/index.php?rest_route=\/wp\/v2\/types\/post"}],"author":[{"embeddable":true,"href":"http:\/\/www.edition-schwarzdruck.de\/index.php?rest_route=\/wp\/v2\/users\/2"}],"replies":[{"embeddable":true,"href":"http:\/\/www.edition-schwarzdruck.de\/index.php?rest_route=%2Fwp%2Fv2%2Fcomments&post=5145"}],"version-history":[{"count":3,"href":"http:\/\/www.edition-schwarzdruck.de\/index.php?rest_route=\/wp\/v2\/posts\/5145\/revisions"}],"predecessor-version":[{"id":5148,"href":"http:\/\/www.edition-schwarzdruck.de\/index.php?rest_route=\/wp\/v2\/posts\/5145\/revisions\/5148"}],"wp:attachment":[{"href":"http:\/\/www.edition-schwarzdruck.de\/index.php?rest_route=%2Fwp%2Fv2%2Fmedia&parent=5145"}],"wp:term":[{"taxonomy":"category","embeddable":true,"href":"http:\/\/www.edition-schwarzdruck.de\/index.php?rest_route=%2Fwp%2Fv2%2Fcategories&post=5145"},{"taxonomy":"post_tag","embeddable":true,"href":"http:\/\/www.edition-schwarzdruck.de\/index.php?rest_route=%2Fwp%2Fv2%2Ftags&post=5145"}],"curies":[{"name":"wp","href":"https:\/\/api.w.org\/{rel}","templated":true}]}}